{"id":6722,"date":"2024-11-06T10:25:18","date_gmt":"2024-11-06T13:25:18","guid":{"rendered":"https:\/\/impactodenoticias.com.ar\/?p=6722"},"modified":"2024-11-07T10:16:16","modified_gmt":"2024-11-07T13:16:16","slug":"cuatro-dirigentes-entrerrianos-que-acompanaron-a-cristina-kirchner-hoy-son-parte-de-la-conduccion-del-pj-a-nivel-nacional","status":"publish","type":"post","link":"https:\/\/impactodenoticias.com.ar\/?p=6722","title":{"rendered":"Cuatro dirigentes entrerrianos que acompa\u00f1aron a Cristina Kirchner hoy son parte de la conducci\u00f3n del PJ a nivel nacional"},"content":{"rendered":"\n<h3 class=\"wp-block-heading\">Una diputada provincial y tres intendentes son parte de la conducci\u00f3n nacional del PJ, tras la oficializaci\u00f3n de Cristina Kirchner como presidenta del Partido Justicialista.<\/h3>\n\n\n\n<p>La junta electoral del Partido Justicialista (PJ) mantendr\u00e1 una reuni\u00f3n este martes por la tarde y formalizar\u00e1 a Cristina Kirchner como titular del peronismo. La lista de la expresidenta, \u201cPrimero la Patria\u201d, es en rigor la \u00fanica oficializada, luego que la junta rechazara por falta de avales a \u201cFederales un grito de coraz\u00f3n\u201d, que impulsaba la candidatura del gobernador riojano Ricardo Quintela para las elecciones del 17 de noviembre, que a partir de esta decisi\u00f3n no se realizar\u00e1n.<br><br>De este modo, el partido se encamina hacia una nueva etapa, despu\u00e9s que la jueza federal con competencia electoral Mar\u00eda Servini rechazara la semana pasada el pedido de Quintela para suspender la elecci\u00f3n interna. La junta electoral del partido que preside el formose\u00f1o Armando Cabrera, del ri\u00f1\u00f3n de Gildo Insfr\u00e1n, podr\u00eda adelantar la asunci\u00f3n de Cristina. Los mandatos de las anteriores autoridades concluyen en marzo.<br><br>La diputada provincial Stefan\u00eda Cora y los intendentes Adri\u00e1n Fuertes -Villaguay-; Isa Castagnino -Victoria- y Guatavo Bastian -San Jos\u00e9- formaron parte de la lista presentada por Cristina Kirchner para disputar la Presidencia del Partido Justicialista.<br><br>Los nombres incorporados van como consejeros. Cora (33\u00b0 lugar); Castagnino (61) y Fuertes (64) entre los titulares, mientras que Bastian es el 29\u00b0 entre los suplentes.<br><br>Con la incorporaci\u00f3n de la legisladora y los presidentes municipales, el peronismo provincial le brinda un fuerte respaldo a la lista de la expresidenta. Vale recordar que el \u00faltimo mi\u00e9rcoles viajaron hasta el Instituto Patria un importante lote de dirigentes del justicialismo entrerriano, que posaron junto a la expresidenta en se\u00f1al de apoyo. De la partida fueron Stefan\u00eda Cora, las diputadas nacionales Blanca Osuna y Carolina Gaillard, el legislador de La C\u00e1mpora, Tom\u00e1s Ledesma, el exgobernador Gustavo Bordet y el extitular de Aduanas, el massista, Guillermo Michel.<\/p>\n","protected":false},"excerpt":{"rendered":"<p>Una diputada provincial y tres intendentes son parte de la conducci&oacute;n nacional del PJ, tras la oficializaci&oacute;n de Cristina Kirchner como presidenta del Partido Justicialista. La junta electoral del Partido Justicialista (PJ) mantendr&aacute; una reuni&oacute;n este martes por la tarde y formalizar&aacute; a Cristina Kirchner como titular del peronismo. La lista de la expresidenta, &ldquo;Primero [&hellip;]<\/p>\n","protected":false},"author":2,"featured_media":6723,"comment_status":"open","ping_status":"open","sticky":false,"template":"","format":"standard","meta":{"footnotes":""},"categories":[11,4],"tags":[622,30,768,646,933,1259,2839,2717],"class_list":["post-6722","post","type-post","status-publish","format-standard","has-post-thumbnail","hentry","category-politica","category-provinciales","tag-adrian-fuertes","tag-cristina-kirchner","tag-dirigentes","tag-entrerrianos","tag-gustavo-bastian","tag-isa-castagnino","tag-patido-justicialista","tag-stefania-cora"],"_links":{"self":[{"href":"https:\/\/impactodenoticias.com.ar\/index.php?rest_route=\/wp\/v2\/posts\/6722","targetHints":{"allow":["GET"]}}],"collection":[{"href":"https:\/\/impactodenoticias.com.ar\/index.php?rest_route=\/wp\/v2\/posts"}],"about":[{"href":"https:\/\/impactodenoticias.com.ar\/index.php?rest_route=\/wp\/v2\/types\/post"}],"author":[{"embeddable":true,"href":"https:\/\/impactodenoticias.com.ar\/index.php?rest_route=\/wp\/v2\/users\/2"}],"replies":[{"embeddable":true,"href":"https:\/\/impactodenoticias.com.ar\/index.php?rest_route=%2Fwp%2Fv2%2Fcomments&post=6722"}],"version-history":[{"count":1,"href":"https:\/\/impactodenoticias.com.ar\/index.php?rest_route=\/wp\/v2\/posts\/6722\/revisions"}],"predecessor-version":[{"id":6724,"href":"https:\/\/impactodenoticias.com.ar\/index.php?rest_route=\/wp\/v2\/posts\/6722\/revisions\/6724"}],"wp:featuredmedia":[{"embeddable":true,"href":"https:\/\/impactodenoticias.com.ar\/index.php?rest_route=\/wp\/v2\/media\/6723"}],"wp:attachment":[{"href":"https:\/\/impactodenoticias.com.ar\/index.php?rest_route=%2Fwp%2Fv2%2Fmedia&parent=6722"}],"wp:term":[{"taxonomy":"category","embeddable":true,"href":"https:\/\/impactodenoticias.com.ar\/index.php?rest_route=%2Fwp%2Fv2%2Fcategories&post=6722"},{"taxonomy":"post_tag","embeddable":true,"href":"https:\/\/impactodenoticias.com.ar\/index.php?rest_route=%2Fwp%2Fv2%2Ftags&post=6722"}],"curies":[{"name":"wp","href":"https:\/\/api.w.org\/{rel}","templated":true}]}}