{"id":674,"date":"2024-07-01T15:15:45","date_gmt":"2024-07-01T18:15:45","guid":{"rendered":"https:\/\/impactodenoticias.com.ar\/?p=674"},"modified":"2024-07-01T15:15:46","modified_gmt":"2024-07-01T18:15:46","slug":"principio-de-incendio-en-ruta-12","status":"publish","type":"post","link":"https:\/\/impactodenoticias.com.ar\/?p=674","title":{"rendered":"Principio de incendio en Ruta 12"},"content":{"rendered":"\n<p><strong>El recalentamiento de una salamandra y provoc\u00f3 un principio de incendio. El hecho ocurri\u00f3 en una vivienda ubicada sobre la ruta 12 al kil\u00f3metros 432.<\/strong><\/p>\n\n\n\n<p>Los Bomberos Zapadores de la Polic\u00eda de Entre R\u00edos, acudieron al llamado por un principio de incendio, la r\u00e1pida intervenci\u00f3n impidi\u00f3 da\u00f1os mayores la propiedad, ubicada en Ruta 12 a la altura del kil\u00f3metro 432, camino a Crespo, frente al local Esperanza Blanca.<\/p>\n\n\n\n<p><\/p>\n\n\n\n<figure class=\"wp-block-image size-large\"><img loading=\"lazy\" decoding=\"async\" width=\"576\" height=\"1024\" src=\"https:\/\/impactodenoticias.com.ar\/wp-content\/uploads\/2024\/07\/9d6e42b3-bdde-480a-bdb1-11906d4d314b-576x1024.jpeg\" alt=\"\" class=\"wp-image-675\" srcset=\"https:\/\/impactodenoticias.com.ar\/wp-content\/uploads\/2024\/07\/9d6e42b3-bdde-480a-bdb1-11906d4d314b-576x1024.jpeg 576w, https:\/\/impactodenoticias.com.ar\/wp-content\/uploads\/2024\/07\/9d6e42b3-bdde-480a-bdb1-11906d4d314b-169x300.jpeg 169w, https:\/\/impactodenoticias.com.ar\/wp-content\/uploads\/2024\/07\/9d6e42b3-bdde-480a-bdb1-11906d4d314b.jpeg 720w\" sizes=\"auto, (max-width: 576px) 100vw, 576px\" \/><\/figure>\n\n\n\n<p>El recalentamiento de la salamandra gener\u00f3 el foco \u00edgneo en el techo.<\/p>\n\n\n\n<p><\/p>\n\n\n\n<figure class=\"wp-block-video\"><video height=\"656\" style=\"aspect-ratio: 368 \/ 656;\" width=\"368\" controls src=\"https:\/\/impactodenoticias.com.ar\/wp-content\/uploads\/2024\/07\/WhatsApp-Video-2024-07-01-at-10.21.00.mp4\"><\/video><\/figure>\n","protected":false},"excerpt":{"rendered":"<p>El recalentamiento de una salamandra y provoc&oacute; un principio de incendio. El hecho ocurri&oacute; en una vivienda ubicada sobre la ruta 12 al kil&oacute;metros 432. Los Bomberos Zapadores de la Polic&iacute;a de Entre R&iacute;os, acudieron al llamado por un principio de incendio, la r&aacute;pida intervenci&oacute;n impidi&oacute; da&ntilde;os mayores la propiedad, ubicada en Ruta 12 a [&hellip;]<\/p>\n","protected":false},"author":2,"featured_media":677,"comment_status":"open","ping_status":"open","sticky":false,"template":"","format":"standard","meta":{"footnotes":""},"categories":[3,8],"tags":[295,227,95,293,294],"class_list":["post-674","post","type-post","status-publish","format-standard","has-post-thumbnail","hentry","category-locales","category-policiales","tag-bomberos-zapadores","tag-incendio","tag-parana","tag-ruta-12","tag-salamadra"],"_links":{"self":[{"href":"https:\/\/impactodenoticias.com.ar\/index.php?rest_route=\/wp\/v2\/posts\/674","targetHints":{"allow":["GET"]}}],"collection":[{"href":"https:\/\/impactodenoticias.com.ar\/index.php?rest_route=\/wp\/v2\/posts"}],"about":[{"href":"https:\/\/impactodenoticias.com.ar\/index.php?rest_route=\/wp\/v2\/types\/post"}],"author":[{"embeddable":true,"href":"https:\/\/impactodenoticias.com.ar\/index.php?rest_route=\/wp\/v2\/users\/2"}],"replies":[{"embeddable":true,"href":"https:\/\/impactodenoticias.com.ar\/index.php?rest_route=%2Fwp%2Fv2%2Fcomments&post=674"}],"version-history":[{"count":1,"href":"https:\/\/impactodenoticias.com.ar\/index.php?rest_route=\/wp\/v2\/posts\/674\/revisions"}],"predecessor-version":[{"id":678,"href":"https:\/\/impactodenoticias.com.ar\/index.php?rest_route=\/wp\/v2\/posts\/674\/revisions\/678"}],"wp:featuredmedia":[{"embeddable":true,"href":"https:\/\/impactodenoticias.com.ar\/index.php?rest_route=\/wp\/v2\/media\/677"}],"wp:attachment":[{"href":"https:\/\/impactodenoticias.com.ar\/index.php?rest_route=%2Fwp%2Fv2%2Fmedia&parent=674"}],"wp:term":[{"taxonomy":"category","embeddable":true,"href":"https:\/\/impactodenoticias.com.ar\/index.php?rest_route=%2Fwp%2Fv2%2Fcategories&post=674"},{"taxonomy":"post_tag","embeddable":true,"href":"https:\/\/impactodenoticias.com.ar\/index.php?rest_route=%2Fwp%2Fv2%2Ftags&post=674"}],"curies":[{"name":"wp","href":"https:\/\/api.w.org\/{rel}","templated":true}]}}