{"id":6741,"date":"2024-11-06T18:21:12","date_gmt":"2024-11-06T21:21:12","guid":{"rendered":"https:\/\/impactodenoticias.com.ar\/?p=6741"},"modified":"2024-11-07T10:16:02","modified_gmt":"2024-11-07T13:16:02","slug":"agmer-convoco-a-un-congreso-extraordinario-para-el-martes-12-de-noviembre","status":"publish","type":"post","link":"https:\/\/impactodenoticias.com.ar\/?p=6741","title":{"rendered":"Agmer convoc\u00f3 a un Congreso Extraordinario para el martes 12 de noviembre"},"content":{"rendered":"\n<h3 class=\"wp-block-heading\">La Comisi\u00f3n Directiva de la Asociaci\u00f3n Gremial del Magisterio de Entre R\u00edos (Agmer), convoc\u00f3 al Congreso Extraordinario para el martes 12 de noviembre. El c\u00f3nclave sera a partir de las 9 en la sede de la Seccional Paran\u00e1.<\/h3>\n\n\n\n<p>La Comisi\u00f3n Directiva Central de la Asociaci\u00f3n Gremial del Magisterio de Entre R\u00edos (Agmer), convoc\u00f3 a la sexta sesi\u00f3n del CCVII Congreso Extraordinario.<\/p>\n\n\n\n<p>la misma se llevar\u00e1 adelante este martes 12 de noviembre a las 9 y se desarrollar\u00e1 en la Seccional Paran\u00e1 de Agmer (calle Laprida 136).<\/p>\n\n\n\n<p><strong>El temario ser\u00e1 el siguiente:<\/strong><\/p>\n\n\n\n<ul class=\"wp-block-list\">\n<li>Elecci\u00f3n de la mesa del Congreso.<\/li>\n\n\n\n<li>Informe de gesti\u00f3n.<\/li>\n\n\n\n<li>An\u00e1lisis de la situaci\u00f3n nacional y provincial.<\/li>\n\n\n\n<li>Estrategias a seguir.<\/li>\n\n\n\n<li>Lectura y aprobaci\u00f3n del acta.<\/li>\n<\/ul>\n\n\n\n<p>Cabe recordar que este jueves a las 10 en la Secretar\u00eda de Trabajo de la Provincia se reanudan las conversaciones paritarias.<\/p>\n\n\n\n<p>El gremio aguarda que el Gobierno presente una nueva propuesta que pueda ser debatida en el congreso.<\/p>\n\n\n\n<p><\/p>\n\n\n\n<figure class=\"wp-block-image size-full\"><img loading=\"lazy\" decoding=\"async\" width=\"1024\" height=\"1024\" src=\"https:\/\/impactodenoticias.com.ar\/wp-content\/uploads\/2024\/11\/congreso-extraordinario_12nov-1024x1024-1.jpg\" alt=\"\" class=\"wp-image-6742\" srcset=\"https:\/\/impactodenoticias.com.ar\/wp-content\/uploads\/2024\/11\/congreso-extraordinario_12nov-1024x1024-1.jpg 1024w, https:\/\/impactodenoticias.com.ar\/wp-content\/uploads\/2024\/11\/congreso-extraordinario_12nov-1024x1024-1-300x300.jpg 300w, https:\/\/impactodenoticias.com.ar\/wp-content\/uploads\/2024\/11\/congreso-extraordinario_12nov-1024x1024-1-150x150.jpg 150w, https:\/\/impactodenoticias.com.ar\/wp-content\/uploads\/2024\/11\/congreso-extraordinario_12nov-1024x1024-1-768x768.jpg 768w\" sizes=\"auto, (max-width: 1024px) 100vw, 1024px\" \/><\/figure>\n","protected":false},"excerpt":{"rendered":"<p>La Comisi&oacute;n Directiva de la Asociaci&oacute;n Gremial del Magisterio de Entre R&iacute;os (Agmer), convoc&oacute; al Congreso Extraordinario para el martes 12 de noviembre. El c&oacute;nclave sera a partir de las 9 en la sede de la Seccional Paran&aacute;. La Comisi&oacute;n Directiva Central de la Asociaci&oacute;n Gremial del Magisterio de Entre R&iacute;os (Agmer), convoc&oacute; a la [&hellip;]<\/p>\n","protected":false},"author":2,"featured_media":6753,"comment_status":"open","ping_status":"open","sticky":false,"template":"","format":"standard","meta":{"footnotes":""},"categories":[91,11,4],"tags":[52,53,1639,2847],"class_list":["post-6741","post","type-post","status-publish","format-standard","has-post-thumbnail","hentry","category-gremiales","category-politica","category-provinciales","tag-agmer","tag-congreso","tag-convocatoria","tag-extraordinario"],"_links":{"self":[{"href":"https:\/\/impactodenoticias.com.ar\/index.php?rest_route=\/wp\/v2\/posts\/6741","targetHints":{"allow":["GET"]}}],"collection":[{"href":"https:\/\/impactodenoticias.com.ar\/index.php?rest_route=\/wp\/v2\/posts"}],"about":[{"href":"https:\/\/impactodenoticias.com.ar\/index.php?rest_route=\/wp\/v2\/types\/post"}],"author":[{"embeddable":true,"href":"https:\/\/impactodenoticias.com.ar\/index.php?rest_route=\/wp\/v2\/users\/2"}],"replies":[{"embeddable":true,"href":"https:\/\/impactodenoticias.com.ar\/index.php?rest_route=%2Fwp%2Fv2%2Fcomments&post=6741"}],"version-history":[{"count":1,"href":"https:\/\/impactodenoticias.com.ar\/index.php?rest_route=\/wp\/v2\/posts\/6741\/revisions"}],"predecessor-version":[{"id":6744,"href":"https:\/\/impactodenoticias.com.ar\/index.php?rest_route=\/wp\/v2\/posts\/6741\/revisions\/6744"}],"wp:featuredmedia":[{"embeddable":true,"href":"https:\/\/impactodenoticias.com.ar\/index.php?rest_route=\/wp\/v2\/media\/6753"}],"wp:attachment":[{"href":"https:\/\/impactodenoticias.com.ar\/index.php?rest_route=%2Fwp%2Fv2%2Fmedia&parent=6741"}],"wp:term":[{"taxonomy":"category","embeddable":true,"href":"https:\/\/impactodenoticias.com.ar\/index.php?rest_route=%2Fwp%2Fv2%2Fcategories&post=6741"},{"taxonomy":"post_tag","embeddable":true,"href":"https:\/\/impactodenoticias.com.ar\/index.php?rest_route=%2Fwp%2Fv2%2Ftags&post=6741"}],"curies":[{"name":"wp","href":"https:\/\/api.w.org\/{rel}","templated":true}]}}