{"id":6774,"date":"2024-11-07T09:43:44","date_gmt":"2024-11-07T12:43:44","guid":{"rendered":"https:\/\/impactodenoticias.com.ar\/?p=6774"},"modified":"2024-11-08T10:27:44","modified_gmt":"2024-11-08T13:27:44","slug":"amet-realizara-un-abrazo-simbolico-a-la-escuela-carbo-ante-el-desfinanciamiento-al-sector","status":"publish","type":"post","link":"https:\/\/impactodenoticias.com.ar\/?p=6774","title":{"rendered":"AMET realizar\u00e1 un abrazo simb\u00f3lico a la escuela Carb\u00f3 ante el desfinanciamiento al sector"},"content":{"rendered":"\n<p class=\"has-medium-font-size\"><strong>La actividad se llevar\u00e1 a cabo desde las 10 frente a la Escuela T\u00e9cnica N\u00b03 \u201cDr. Enrique Carb\u00f3\u201d, de Paran\u00e1. Luego se entregar\u00e1 un petitorio y un documento al CGE, elaborados a nivel nacional, en los que se reclama la mantenci\u00f3n de los fondos para la educaci\u00f3n t\u00e9cnica.<\/strong><\/p>\n\n\n\n<p>La Asociaci\u00f3n del Magisterio de la Ense\u00f1anza T\u00e9cnica (AMET), realizar\u00e1 este jueves diversas acciones mostrando su disconformidad al desfinanciamiento del sistema educativo para las Escuelas T\u00e9cnicas, Agrot\u00e9cnicas y Formaci\u00f3n Profesional.<\/p>\n\n\n\n<p>A partir de las 10 el gremio realizar\u00e1 un abrazo simb\u00f3lico a la escuela Carb\u00f3n, como acci\u00f3n solidaria frente a esta situaci\u00f3n.<\/p>\n\n\n\n<p>Posteriormente se entregar\u00e1 en el Consejo General de Educaci\u00f3n un petitorio y un documento del sindicato, elaborado por el Congreso Extraordinario de Secretario Generales reunidos el martes de 5 de noviembre en la ciudad de Buenos Aires. En ambos textos se reclama la continuidad de los fondos que se dispone para las Escuelas T\u00e9cnicas, Agrot\u00e9cnicas y Centros de Formaci\u00f3n Profesional en el marco de la ley de Educaci\u00f3n T\u00e9cnico Profesional N\u00ba 26058, que se encuentra plenamente vigente.<\/p>\n\n\n\n<p>Con anterioridad, a partir de las 9, dar\u00e1 inicio a un Congreso Extraordinario de Delegados donde se brindar\u00e1 una charla taller para abordar las \u201cModificaciones que se implementan en la Educaci\u00f3n T\u00e9cnico Profesional (ETP)\u201d.<\/p>\n\n\n\n<p><strong>En ese marco se informaran las reformas aplicadas en la Provincia de C\u00f3rdoba a saber:<\/strong><\/p>\n\n\n\n<ul class=\"wp-block-list\">\n<li>Normativa del Ministerio de Educaci\u00f3n de la Naci\u00f3n que vulnera gravemente los derechos de los estudiantes que cursan el Plan de Estudio de 7 a\u00f1os de las Escuelas de Educaci\u00f3n T\u00e9cnico Profesional.<\/li>\n\n\n\n<li>Desarticulaci\u00f3n del Proceso pedag\u00f3gico establecido para la Educaci\u00f3n T\u00e9cnico Profesional.<\/li>\n\n\n\n<li>Estabilidad laboral de cientos de docentes, poniendo en riesgo los puestos de trabajo, seg\u00fan lo implementado en la Provincia de C\u00f3rdoba.<\/li>\n\n\n\n<li>Cierre de divisiones y la desjerarquizaci\u00f3n de las Instituciones de Educaci\u00f3n T\u00e9cnico Profesional.<\/li>\n<\/ul>\n\n\n\n<p>Todas estas actividades se llevan adelante de acuerdo a las acciones que la AMET viene desarrollando en defensa de los recursos para nuestras Escuelas, se\u00f1alaron.<\/p>\n","protected":false},"excerpt":{"rendered":"<p>La actividad se llevar&aacute; a cabo desde las 10 frente a la Escuela T&eacute;cnica N&deg;3 &ldquo;Dr. Enrique Carb&oacute;&rdquo;, de Paran&aacute;. Luego se entregar&aacute; un petitorio y un documento al CGE, elaborados a nivel nacional, en los que se reclama la mantenci&oacute;n de los fondos para la educaci&oacute;n t&eacute;cnica. La Asociaci&oacute;n del Magisterio de la Ense&ntilde;anza [&hellip;]<\/p>\n","protected":false},"author":2,"featured_media":6775,"comment_status":"open","ping_status":"open","sticky":false,"template":"","format":"standard","meta":{"footnotes":""},"categories":[91,4],"tags":[2853,801,2856,166,95,2854,2855],"class_list":["post-6774","post","type-post","status-publish","format-standard","has-post-thumbnail","hentry","category-gremiales","category-provinciales","tag-abrazo","tag-amet","tag-dr-enrique-carbo","tag-escuela","tag-parana","tag-simbolico","tag-tecnica"],"_links":{"self":[{"href":"https:\/\/impactodenoticias.com.ar\/index.php?rest_route=\/wp\/v2\/posts\/6774","targetHints":{"allow":["GET"]}}],"collection":[{"href":"https:\/\/impactodenoticias.com.ar\/index.php?rest_route=\/wp\/v2\/posts"}],"about":[{"href":"https:\/\/impactodenoticias.com.ar\/index.php?rest_route=\/wp\/v2\/types\/post"}],"author":[{"embeddable":true,"href":"https:\/\/impactodenoticias.com.ar\/index.php?rest_route=\/wp\/v2\/users\/2"}],"replies":[{"embeddable":true,"href":"https:\/\/impactodenoticias.com.ar\/index.php?rest_route=%2Fwp%2Fv2%2Fcomments&post=6774"}],"version-history":[{"count":2,"href":"https:\/\/impactodenoticias.com.ar\/index.php?rest_route=\/wp\/v2\/posts\/6774\/revisions"}],"predecessor-version":[{"id":6778,"href":"https:\/\/impactodenoticias.com.ar\/index.php?rest_route=\/wp\/v2\/posts\/6774\/revisions\/6778"}],"wp:featuredmedia":[{"embeddable":true,"href":"https:\/\/impactodenoticias.com.ar\/index.php?rest_route=\/wp\/v2\/media\/6775"}],"wp:attachment":[{"href":"https:\/\/impactodenoticias.com.ar\/index.php?rest_route=%2Fwp%2Fv2%2Fmedia&parent=6774"}],"wp:term":[{"taxonomy":"category","embeddable":true,"href":"https:\/\/impactodenoticias.com.ar\/index.php?rest_route=%2Fwp%2Fv2%2Fcategories&post=6774"},{"taxonomy":"post_tag","embeddable":true,"href":"https:\/\/impactodenoticias.com.ar\/index.php?rest_route=%2Fwp%2Fv2%2Ftags&post=6774"}],"curies":[{"name":"wp","href":"https:\/\/api.w.org\/{rel}","templated":true}]}}