{"id":6819,"date":"2024-11-08T09:56:11","date_gmt":"2024-11-08T12:56:11","guid":{"rendered":"https:\/\/impactodenoticias.com.ar\/?p=6819"},"modified":"2024-11-08T09:56:11","modified_gmt":"2024-11-08T12:56:11","slug":"fallecio-la-mujer-trans-que-fue-quemada-por-su-pareja-en-un-brutal-ataque","status":"publish","type":"post","link":"https:\/\/impactodenoticias.com.ar\/?p=6819","title":{"rendered":"Falleci\u00f3 la mujer trans que fue quemada por su pareja en un brutal ataque"},"content":{"rendered":"\n<p class=\"has-medium-font-size\"><strong>Rita Pilar Almir\u00f3n, falleci\u00f3 en el Hospital San Benjam\u00edn de Col\u00f3n tras permanecer internada en estado cr\u00edtico debido a las graves quemaduras padecidas en un impactante ataque de su pareja.<\/strong><\/p>\n\n\n\n<p>El brutal hecho sucedi\u00f3 el pasado 5 de noviembre en inmediaciones de calle Remedios de Escalada al 1200, en San Jos\u00e9, a m\u00e1s de 200 kil\u00f3metros de Paran\u00e1. La v\u00edctima fue rociada con combustible y luego le prendieron fuego, lo que le caus\u00f3 quemaduras en casi el 90% de su cuerpo.<\/p>\n\n\n\n<p>No obstante y a pesar de los esfuerzos m\u00e9dicos, Rita Pilar no pudo sobrevivir a las lesiones y falleci\u00f3 debido a fallas multiorg\u00e1nicas causadas por las quemaduras.<\/p>\n\n\n\n<p>El agresor, Carlos Romero, de 32 a\u00f1os, tambi\u00e9n muri\u00f3 este mi\u00e9rcoles despu\u00e9s de sufrir quemaduras graves en todo su cuerpo mientras abrazaba a Rita Pilar tras el ataque.<\/p>\n\n\n\n<p>La Fiscal\u00eda en turno fue notificada del fallecimiento y dispuso la intervenci\u00f3n del M\u00e9dico Forense, Sergio Toscami, quien llevar\u00e1 a cabo la autopsia para determinar con precisi\u00f3n las causas del deceso.<\/p>\n\n\n\n<p>El fiscal Alejandro Perroud es quien realiza la investigaci\u00f3n que por cuestiones l\u00f3gicas se cerrar\u00e1 ya que los dos protagonistas, v\u00edctima y v\u00edctimario fallecieron.<\/p>\n\n\n\n<p>La comunidad LGTBIQ+ y organizaciones de derechos humanos han expresado su conmoci\u00f3n y total repudio, ante este acto de violencia extrema y han exigido justicia para Rita Pilar y su familia.<\/p>\n","protected":false},"excerpt":{"rendered":"<p>Rita Pilar Almir&oacute;n, falleci&oacute; en el Hospital San Benjam&iacute;n de Col&oacute;n tras permanecer internada en estado cr&iacute;tico debido a las graves quemaduras padecidas en un impactante ataque de su pareja. El brutal hecho sucedi&oacute; el pasado 5 de noviembre en inmediaciones de calle Remedios de Escalada al 1200, en San Jos&eacute;, a m&aacute;s de 200 [&hellip;]<\/p>\n","protected":false},"author":2,"featured_media":6708,"comment_status":"open","ping_status":"open","sticky":false,"template":"","format":"standard","meta":{"footnotes":""},"categories":[8,4],"tags":[183,466,459,182,237,2866,390,2864],"class_list":["post-6819","post","type-post","status-publish","format-standard","has-post-thumbnail","hentry","category-policiales","category-provinciales","tag-ataque","tag-colon","tag-fuego","tag-mujer","tag-murio","tag-rita-pilar-almiron","tag-san-jose","tag-trans"],"_links":{"self":[{"href":"https:\/\/impactodenoticias.com.ar\/index.php?rest_route=\/wp\/v2\/posts\/6819","targetHints":{"allow":["GET"]}}],"collection":[{"href":"https:\/\/impactodenoticias.com.ar\/index.php?rest_route=\/wp\/v2\/posts"}],"about":[{"href":"https:\/\/impactodenoticias.com.ar\/index.php?rest_route=\/wp\/v2\/types\/post"}],"author":[{"embeddable":true,"href":"https:\/\/impactodenoticias.com.ar\/index.php?rest_route=\/wp\/v2\/users\/2"}],"replies":[{"embeddable":true,"href":"https:\/\/impactodenoticias.com.ar\/index.php?rest_route=%2Fwp%2Fv2%2Fcomments&post=6819"}],"version-history":[{"count":1,"href":"https:\/\/impactodenoticias.com.ar\/index.php?rest_route=\/wp\/v2\/posts\/6819\/revisions"}],"predecessor-version":[{"id":6820,"href":"https:\/\/impactodenoticias.com.ar\/index.php?rest_route=\/wp\/v2\/posts\/6819\/revisions\/6820"}],"wp:featuredmedia":[{"embeddable":true,"href":"https:\/\/impactodenoticias.com.ar\/index.php?rest_route=\/wp\/v2\/media\/6708"}],"wp:attachment":[{"href":"https:\/\/impactodenoticias.com.ar\/index.php?rest_route=%2Fwp%2Fv2%2Fmedia&parent=6819"}],"wp:term":[{"taxonomy":"category","embeddable":true,"href":"https:\/\/impactodenoticias.com.ar\/index.php?rest_route=%2Fwp%2Fv2%2Fcategories&post=6819"},{"taxonomy":"post_tag","embeddable":true,"href":"https:\/\/impactodenoticias.com.ar\/index.php?rest_route=%2Fwp%2Fv2%2Ftags&post=6819"}],"curies":[{"name":"wp","href":"https:\/\/api.w.org\/{rel}","templated":true}]}}