{"id":6827,"date":"2024-11-08T10:24:03","date_gmt":"2024-11-08T13:24:03","guid":{"rendered":"https:\/\/impactodenoticias.com.ar\/?p=6827"},"modified":"2024-11-08T10:24:34","modified_gmt":"2024-11-08T13:24:34","slug":"parana-la-policia-recupero-un-escaner-valuado-que-habia-sido-sustraido-y-lo-ofrecian-por-redes-sociales","status":"publish","type":"post","link":"https:\/\/impactodenoticias.com.ar\/?p=6827","title":{"rendered":"Paran\u00e1: la Polic\u00eda recuper\u00f3 un esc\u00e1ner que hab\u00eda sido sustra\u00eddo y lo ofrec\u00edan por redes sociales"},"content":{"rendered":"\n<h3 class=\"wp-block-heading\">Por el hecho arrestaron a un hombre y a otro adolescente. El esc\u00e1ner hab\u00eda sido sustra\u00eddo de un taller lubricentro de Paran\u00e1.<\/h3>\n\n\n\n<p>La Polic\u00eda intervino este jueves a las 18:30 a ra\u00edz de un robo sucedido el 4 de octubre en un taller lubricentro de Paran\u00e1, en el que sustrajeron un esc\u00e1ner Launch Xpad 431 con su respectiva valija, valuado en la suma de $4.500.000.<\/p>\n\n\n\n<p>El personal de Investigaciones de la Departamental Paran\u00e1 detect\u00f3 una publicaci\u00f3n en la que vend\u00edan el elemento a un valor de 2 millones de pesos y se dispuso un operativo para recuperarlo.<\/p>\n\n\n\n<p>Los agentes policiales pactaron un encuentro en calle O\u2019Higgins y Artigas, donde se hicieron presentes un hombre de 40 a\u00f1os y un adolescente de 15 y corroboraron el n\u00famero de serie, coincidiendo con el sustra\u00eddo.<\/p>\n\n\n\n<p>Por disposici\u00f3n del fiscal interviniente se llev\u00f3 a cabo la correcta identificaci\u00f3n al mayor, que qued\u00f3 supeditado a la causa y el adolescente fue trasladado a la Divisi\u00f3n Minoridad.<\/p>\n","protected":false},"excerpt":{"rendered":"<p>Por el hecho arrestaron a un hombre y a otro adolescente. El esc&aacute;ner hab&iacute;a sido sustra&iacute;do de un taller lubricentro de Paran&aacute;. La Polic&iacute;a intervino este jueves a las 18:30 a ra&iacute;z de un robo sucedido el 4 de octubre en un taller lubricentro de Paran&aacute;, en el que sustrajeron un esc&aacute;ner Launch Xpad 431 [&hellip;]<\/p>\n","protected":false},"author":2,"featured_media":6828,"comment_status":"open","ping_status":"open","sticky":false,"template":"","format":"standard","meta":{"footnotes":""},"categories":[3,8],"tags":[2872,95,658,2871,986],"class_list":["post-6827","post","type-post","status-publish","format-standard","has-post-thumbnail","hentry","category-locales","category-policiales","tag-escaner","tag-parana","tag-policia-2","tag-recupero","tag-robado"],"_links":{"self":[{"href":"https:\/\/impactodenoticias.com.ar\/index.php?rest_route=\/wp\/v2\/posts\/6827","targetHints":{"allow":["GET"]}}],"collection":[{"href":"https:\/\/impactodenoticias.com.ar\/index.php?rest_route=\/wp\/v2\/posts"}],"about":[{"href":"https:\/\/impactodenoticias.com.ar\/index.php?rest_route=\/wp\/v2\/types\/post"}],"author":[{"embeddable":true,"href":"https:\/\/impactodenoticias.com.ar\/index.php?rest_route=\/wp\/v2\/users\/2"}],"replies":[{"embeddable":true,"href":"https:\/\/impactodenoticias.com.ar\/index.php?rest_route=%2Fwp%2Fv2%2Fcomments&post=6827"}],"version-history":[{"count":2,"href":"https:\/\/impactodenoticias.com.ar\/index.php?rest_route=\/wp\/v2\/posts\/6827\/revisions"}],"predecessor-version":[{"id":6830,"href":"https:\/\/impactodenoticias.com.ar\/index.php?rest_route=\/wp\/v2\/posts\/6827\/revisions\/6830"}],"wp:featuredmedia":[{"embeddable":true,"href":"https:\/\/impactodenoticias.com.ar\/index.php?rest_route=\/wp\/v2\/media\/6828"}],"wp:attachment":[{"href":"https:\/\/impactodenoticias.com.ar\/index.php?rest_route=%2Fwp%2Fv2%2Fmedia&parent=6827"}],"wp:term":[{"taxonomy":"category","embeddable":true,"href":"https:\/\/impactodenoticias.com.ar\/index.php?rest_route=%2Fwp%2Fv2%2Fcategories&post=6827"},{"taxonomy":"post_tag","embeddable":true,"href":"https:\/\/impactodenoticias.com.ar\/index.php?rest_route=%2Fwp%2Fv2%2Ftags&post=6827"}],"curies":[{"name":"wp","href":"https:\/\/api.w.org\/{rel}","templated":true}]}}