{"id":6831,"date":"2024-11-08T10:48:27","date_gmt":"2024-11-08T13:48:27","guid":{"rendered":"https:\/\/impactodenoticias.com.ar\/?p=6831"},"modified":"2024-11-08T10:48:27","modified_gmt":"2024-11-08T13:48:27","slug":"santa-elena-se-prepara-para-vivir-una-nueva-edicion-del-duatlon","status":"publish","type":"post","link":"https:\/\/impactodenoticias.com.ar\/?p=6831","title":{"rendered":"Santa Elena se prepara para vivir una nueva edici\u00f3n del Duatl\u00f3n"},"content":{"rendered":"\n<h3 class=\"wp-block-heading\">El pr\u00f3ximo 23 de noviembre, Santa Elena vivir\u00e1 una nueva edici\u00f3n de Duatl\u00f3n en las modalidades masculino y femenino y en las categor\u00edas est\u00e1ndar y participativa, cada una de ellas con diferentes extensiones y recorridos.<\/h3>\n\n\n\n<p>Como ten\u00e9s que hacer para inscribirte:<\/p>\n\n\n\n<p>Ingres\u00e1 a este link para realizar la inscripci\u00f3n: <a href=\"https:\/\/goo.su\/omhjH\">https:\/\/goo.su\/omhjH<\/a><\/p>\n\n\n\n<p>Reglamento: <a href=\"https:\/\/goo.su\/mNSUpI\">https:\/\/goo.su\/mNSUpI<\/a><\/p>\n\n\n\n<p><\/p>\n\n\n\n<figure class=\"wp-block-image size-large\"><img loading=\"lazy\" decoding=\"async\" width=\"1024\" height=\"1024\" src=\"https:\/\/impactodenoticias.com.ar\/wp-content\/uploads\/2024\/11\/466015193_974062074765548_2375534754485770616_n-1024x1024.jpg\" alt=\"\" class=\"wp-image-6832\" srcset=\"https:\/\/impactodenoticias.com.ar\/wp-content\/uploads\/2024\/11\/466015193_974062074765548_2375534754485770616_n-1024x1024.jpg 1024w, https:\/\/impactodenoticias.com.ar\/wp-content\/uploads\/2024\/11\/466015193_974062074765548_2375534754485770616_n-300x300.jpg 300w, https:\/\/impactodenoticias.com.ar\/wp-content\/uploads\/2024\/11\/466015193_974062074765548_2375534754485770616_n-150x150.jpg 150w, https:\/\/impactodenoticias.com.ar\/wp-content\/uploads\/2024\/11\/466015193_974062074765548_2375534754485770616_n-768x768.jpg 768w, https:\/\/impactodenoticias.com.ar\/wp-content\/uploads\/2024\/11\/466015193_974062074765548_2375534754485770616_n-1536x1536.jpg 1536w, https:\/\/impactodenoticias.com.ar\/wp-content\/uploads\/2024\/11\/466015193_974062074765548_2375534754485770616_n.jpg 1600w\" sizes=\"auto, (max-width: 1024px) 100vw, 1024px\" \/><\/figure>\n\n\n\n<p><\/p>\n\n\n\n<p>Cabe se\u00f1alar que en el mes de octubre se abr\u00edo en Santa Elena la Escuelita de Duatl\u00f3n para ni\u00f1as y ni\u00f1os de 9 a 12 a\u00f1os.<\/p>\n\n\n\n<p>Se trata de una propuesta deportiva libre y gratuita, dictada por profesionales &#8211; Profesores Lara Aloy y Joaqu\u00edn Gutierrez &#8211; y que re\u00fane dos disciplinas: atletismo y ciclismo, buscando iniciar en esta pr\u00e1ctica innovadora a ni\u00f1as y ni\u00f1os de nuestra ciudad.<\/p>\n\n\n\n<p>Las actividades deportivas se realizan en el Polideportivo Municipal.<\/p>\n\n\n\n<p>Esta iniciativa es posible a partir de un trabajo articulado del Gobierno Municipal, a trav\u00e9s del \u00c1rea de Deportes, en conjunto con el Centro de Educaci\u00f3n F\u00edsica n\u00b0 27 y el Consejo General de Educaci\u00f3n.<\/p>\n\n\n\n<p><\/p>\n\n\n\n<p><\/p>\n","protected":false},"excerpt":{"rendered":"<p>El pr&oacute;ximo 23 de noviembre, Santa Elena vivir&aacute; una nueva edici&oacute;n de Duatl&oacute;n en las modalidades masculino y femenino y en las categor&iacute;as est&aacute;ndar y participativa, cada una de ellas con diferentes extensiones y recorridos. Como ten&eacute;s que hacer para inscribirte: Ingres&aacute; a este link para realizar la inscripci&oacute;n: https:\/\/goo.su\/omhjH Reglamento: https:\/\/goo.su\/mNSUpI Cabe se&ntilde;alar que [&hellip;]<\/p>\n","protected":false},"author":2,"featured_media":6834,"comment_status":"open","ping_status":"open","sticky":false,"template":"","format":"standard","meta":{"footnotes":""},"categories":[7,4],"tags":[2873,439],"class_list":["post-6831","post","type-post","status-publish","format-standard","has-post-thumbnail","hentry","category-deportes","category-provinciales","tag-duatlon","tag-santa-elena"],"_links":{"self":[{"href":"https:\/\/impactodenoticias.com.ar\/index.php?rest_route=\/wp\/v2\/posts\/6831","targetHints":{"allow":["GET"]}}],"collection":[{"href":"https:\/\/impactodenoticias.com.ar\/index.php?rest_route=\/wp\/v2\/posts"}],"about":[{"href":"https:\/\/impactodenoticias.com.ar\/index.php?rest_route=\/wp\/v2\/types\/post"}],"author":[{"embeddable":true,"href":"https:\/\/impactodenoticias.com.ar\/index.php?rest_route=\/wp\/v2\/users\/2"}],"replies":[{"embeddable":true,"href":"https:\/\/impactodenoticias.com.ar\/index.php?rest_route=%2Fwp%2Fv2%2Fcomments&post=6831"}],"version-history":[{"count":1,"href":"https:\/\/impactodenoticias.com.ar\/index.php?rest_route=\/wp\/v2\/posts\/6831\/revisions"}],"predecessor-version":[{"id":6835,"href":"https:\/\/impactodenoticias.com.ar\/index.php?rest_route=\/wp\/v2\/posts\/6831\/revisions\/6835"}],"wp:featuredmedia":[{"embeddable":true,"href":"https:\/\/impactodenoticias.com.ar\/index.php?rest_route=\/wp\/v2\/media\/6834"}],"wp:attachment":[{"href":"https:\/\/impactodenoticias.com.ar\/index.php?rest_route=%2Fwp%2Fv2%2Fmedia&parent=6831"}],"wp:term":[{"taxonomy":"category","embeddable":true,"href":"https:\/\/impactodenoticias.com.ar\/index.php?rest_route=%2Fwp%2Fv2%2Fcategories&post=6831"},{"taxonomy":"post_tag","embeddable":true,"href":"https:\/\/impactodenoticias.com.ar\/index.php?rest_route=%2Fwp%2Fv2%2Ftags&post=6831"}],"curies":[{"name":"wp","href":"https:\/\/api.w.org\/{rel}","templated":true}]}}