{"id":6852,"date":"2024-11-08T19:41:16","date_gmt":"2024-11-08T22:41:16","guid":{"rendered":"https:\/\/impactodenoticias.com.ar\/?p=6852"},"modified":"2024-11-09T10:50:40","modified_gmt":"2024-11-09T13:50:40","slug":"preocupacion-de-apyme-entre-rios-por-la-adhesion-al-rigi-y-el-impacto-que-puede-generar-en-las-mipymes","status":"publish","type":"post","link":"https:\/\/impactodenoticias.com.ar\/?p=6852","title":{"rendered":"Preocupaci\u00f3n de APYME Entre R\u00edos por la adhesi\u00f3n al RIGI y el impacto que puede generar en las mipymes"},"content":{"rendered":"\n<h3 class=\"wp-block-heading\">La Asociaci\u00f3n de Peque\u00f1as y Medianas Empresas (APYME) de Entre R\u00edos, expres\u00f3 una profunda preocupaci\u00f3n ante la reciente aprobaci\u00f3n en el Senado provincial de la adhesi\u00f3n al R\u00e9gimen de Inversiones con Garant\u00edas e Incentivos (RIGI).<\/h3>\n\n\n\n<p>Seg\u00fan el comunicado emitido por la entidad, la decisi\u00f3n, impulsada por la bancada oficialista, podr\u00eda acarrear serias consecuencias para las micro, peque\u00f1as y medianas empresas (mipymes) de la provincia, afectando su competitividad y su capacidad de mantenerse en el mercado.<\/p>\n\n\n\n<p>El RIGI, dise\u00f1ado para atraer grandes inversiones con incentivos fiscales y otros beneficios, otorga condiciones especiales a inversores, generando una situaci\u00f3n de desventaja para las mipymes locales. Desde APYME manifiestan que estas empresas deben enfrentar costos de insumos elevados, tarifas log\u00edsticas elevadas y cargas laborales que se traducen en una competitividad mucho menor en comparaci\u00f3n con las grandes empresas beneficiadas por esta legislaci\u00f3n. La adhesi\u00f3n al RIGI no incluye regulaciones que impidan el abuso de posici\u00f3n dominante, lo que, seg\u00fan la asociaci\u00f3n, coloca a las mipymes en una posici\u00f3n vulnerable, limitando su rol a proveedores de servicios secundarios para las grandes empresas que, ante la falta de controles, podr\u00edan monopolizar el mercado.<\/p>\n\n\n\n<p>Asimismo en el comunicado de APYME destaca los da\u00f1os colaterales que este tipo de pol\u00edticas tiene sobre el ambiente y el h\u00e1bitat local, con la expansi\u00f3n urban\u00edstica sin regulaci\u00f3n suficiente que, si bien beneficia a ciertos sectores empresariales, ignora las consecuencias sociales y ambientales que afectan a las comunidades y al entorno en el cual las mipymes desarrollan sus actividades. En este sentido, APYME critica que los desarrollos favorecidos por el RIGI ignoran la necesidad de un equilibrio socioambiental y de un desarrollo sustentable.<\/p>\n\n\n\n<p>La delegaci\u00f3n de APYME Entre R\u00edos remarca adem\u00e1s el deterioro del mercado interno y las oportunidades laborales locales como consecuencias de pol\u00edticas p\u00fablicas que priorizan intereses de grandes capitales en detrimento de las mipymes. \u201cEn lo que va de la gesti\u00f3n iniciada en diciembre de 2023, ya se han perdido m\u00e1s de 12,000 pymes en el pa\u00eds\u201d, indica el documento, destacando que esta situaci\u00f3n refleja el desprecio de las pol\u00edticas actuales hacia el mercado interno y las fuentes de empleo que las mipymes sostienen.<\/p>\n\n\n\n<p><strong>El comunicado<\/strong><\/p>\n\n\n\n<p><strong>ADVERTENCIA<\/strong><\/p>\n\n\n\n<p><em>APYME Delegaci\u00f3n Entre R\u00edos se\u00f1ala con honda preocupaci\u00f3n la aprobaci\u00f3n de la adhesi\u00f3n al RIGI votada ajustadamente ayer por la c\u00e1mara de Senadores de la Provincia.<\/em><\/p>\n\n\n\n<p><em>La bancada oficialista, que inst\u00f3 a aprobar esta adhesi\u00f3n, no ha considerado debidamente los perjuicios para las mipymes entrerrianas que quedan fuera de toda competitividad.<\/em><\/p>\n\n\n\n<p><em>En comparaci\u00f3n con las grandes inversoras habilitadas por esta adhesi\u00f3n, frente al costo de los insumos difundidos que debemos pagar, la log\u00edstica, la diferencia en el costo laboral y la prioridad para las ofertas de las nuevas inversoras, solo quedamos reducidos a la prestaci\u00f3n de servicios a empresas que claramente ostentar\u00e1n su posici\u00f3n dominante, ya que no se prev\u00e9 regulaci\u00f3n alguna que impida el abuso de esa posici\u00f3n.<\/em><\/p>\n\n\n\n<p><em>Los da\u00f1os al ambiente, los efectos de la urbanizaci\u00f3n desregulada en beneficio de negocios sin atender la situaci\u00f3n socioambiental y en perjuicio del desarrollo equitativo y cuidadoso del h\u00e1bitat para la vida tambi\u00e9n se sienten en el sostenimiento de una mipyme. Cuanto m\u00e1s en las inversiones necesarias que ante este panorama nos resulta imposible realizar.<\/em><\/p>\n\n\n\n<p><em>Empresarias y empresarios Pymes vivimos, invertimos y trabajamos en nuestro pa\u00eds, generando una alta proporci\u00f3n del empleo privado. Sin embargo, en lo que va de la gesti\u00f3n iniciada en diciembre de 2023, ya se han perdido en el pa\u00eds m\u00e1s de 12,000 pymes, resultado de estas pol\u00edticas p\u00fablicas que desprecian el mercado interno y las fuentes laborales genuinas que las mipymes representamos.<\/em><\/p>\n\n\n\n<p><em>Desde APYME vamos a seguir haciendo propuestas para construir una Argentina productiva, soberana y solidaria.\u00bb<\/em><\/p>\n\n\n\n<p><em>ALFREDO CA\u00cdNO \u2013 Secretario<\/em><br><em>LUIS LOZAR \u2013 Presidente<\/em><br><em>APYME Delegaci\u00f3n Entre R\u00edos<\/em><\/p>\n","protected":false},"excerpt":{"rendered":"<p>La Asociaci&oacute;n de Peque&ntilde;as y Medianas Empresas (APYME) de Entre R&iacute;os, expres&oacute; una profunda preocupaci&oacute;n ante la reciente aprobaci&oacute;n en el Senado provincial de la adhesi&oacute;n al R&eacute;gimen de Inversiones con Garant&iacute;as e Incentivos (RIGI). Seg&uacute;n el comunicado emitido por la entidad, la decisi&oacute;n, impulsada por la bancada oficialista, podr&iacute;a acarrear serias consecuencias para las [&hellip;]<\/p>\n","protected":false},"author":2,"featured_media":6853,"comment_status":"open","ping_status":"open","sticky":false,"template":"","format":"standard","meta":{"footnotes":""},"categories":[11,4],"tags":[2881,33,31],"class_list":["post-6852","post","type-post","status-publish","format-standard","has-post-thumbnail","hentry","category-politica","category-provinciales","tag-apyme","tag-entre-rios","tag-rigi"],"_links":{"self":[{"href":"https:\/\/impactodenoticias.com.ar\/index.php?rest_route=\/wp\/v2\/posts\/6852","targetHints":{"allow":["GET"]}}],"collection":[{"href":"https:\/\/impactodenoticias.com.ar\/index.php?rest_route=\/wp\/v2\/posts"}],"about":[{"href":"https:\/\/impactodenoticias.com.ar\/index.php?rest_route=\/wp\/v2\/types\/post"}],"author":[{"embeddable":true,"href":"https:\/\/impactodenoticias.com.ar\/index.php?rest_route=\/wp\/v2\/users\/2"}],"replies":[{"embeddable":true,"href":"https:\/\/impactodenoticias.com.ar\/index.php?rest_route=%2Fwp%2Fv2%2Fcomments&post=6852"}],"version-history":[{"count":1,"href":"https:\/\/impactodenoticias.com.ar\/index.php?rest_route=\/wp\/v2\/posts\/6852\/revisions"}],"predecessor-version":[{"id":6854,"href":"https:\/\/impactodenoticias.com.ar\/index.php?rest_route=\/wp\/v2\/posts\/6852\/revisions\/6854"}],"wp:featuredmedia":[{"embeddable":true,"href":"https:\/\/impactodenoticias.com.ar\/index.php?rest_route=\/wp\/v2\/media\/6853"}],"wp:attachment":[{"href":"https:\/\/impactodenoticias.com.ar\/index.php?rest_route=%2Fwp%2Fv2%2Fmedia&parent=6852"}],"wp:term":[{"taxonomy":"category","embeddable":true,"href":"https:\/\/impactodenoticias.com.ar\/index.php?rest_route=%2Fwp%2Fv2%2Fcategories&post=6852"},{"taxonomy":"post_tag","embeddable":true,"href":"https:\/\/impactodenoticias.com.ar\/index.php?rest_route=%2Fwp%2Fv2%2Ftags&post=6852"}],"curies":[{"name":"wp","href":"https:\/\/api.w.org\/{rel}","templated":true}]}}