{"id":687,"date":"2024-07-02T09:10:54","date_gmt":"2024-07-02T12:10:54","guid":{"rendered":"https:\/\/impactodenoticias.com.ar\/?p=687"},"modified":"2024-07-02T09:11:01","modified_gmt":"2024-07-02T12:11:01","slug":"pronostican-mas-frio-para-entre-rios-a-pesar-de-la-subo-de-las-temperaturas-durante-esta-jornada","status":"publish","type":"post","link":"https:\/\/impactodenoticias.com.ar\/?p=687","title":{"rendered":"Pronostican m\u00e1s fr\u00edo para Entre R\u00edos a pesar de la subo de las temperaturas durante esta jornada"},"content":{"rendered":"\n<p><strong>Si bien este martes y mi\u00e9rcoles se espera una leve suba de las marcas t\u00e9rmicas, se anuncia un nuevo descenso de las temperaturas en Entre R\u00edos.<\/strong><\/p>\n\n\n\n<p>El Servicio Meteorol\u00f3gico Nacional -SMN- pronostica para este martes un leve repunte de las temperaturas en Entre R\u00edos. Las m\u00ednimas se ubican entre los 5 y 6 grados, mientras que las m\u00e1ximas podr\u00edan trepar hasta los 20 y 21 grados.<\/p>\n\n\n\n<p>Durante este martes, el pron\u00f3stico anticipa un d\u00eda soleado, pr\u00e1cticamente con algunas nubes ligeras, sin inestabilidades en la provincia. El viento ser\u00e1 norte, por lo que se producir\u00e1 un leve aumento de las marcas t\u00e9rmicas.<\/p>\n\n\n\n<p><\/p>\n\n\n\n<figure class=\"wp-block-image size-full\"><img loading=\"lazy\" decoding=\"async\" width=\"683\" height=\"558\" src=\"https:\/\/impactodenoticias.com.ar\/wp-content\/uploads\/2024\/07\/scrnli_2_7_2024_8-30-38.png\" alt=\"\" class=\"wp-image-688\" srcset=\"https:\/\/impactodenoticias.com.ar\/wp-content\/uploads\/2024\/07\/scrnli_2_7_2024_8-30-38.png 683w, https:\/\/impactodenoticias.com.ar\/wp-content\/uploads\/2024\/07\/scrnli_2_7_2024_8-30-38-300x245.png 300w\" sizes=\"auto, (max-width: 683px) 100vw, 683px\" \/><\/figure>\n\n\n\n<p>Mientras que se anuncia para este mi\u00e9rcoles un nuevo repunte de las temperaturas, con m\u00ednimas m\u00e1s elevadas, de entre 7 y 8 grados. En todo caso, las m\u00e1ximas podr\u00edan estar dos puntos por debajo de este martes. La nubosidad para el mi\u00e9rcoles estar\u00e1 en ascenso.<\/p>\n\n\n\n<p>El suave alivio no durar\u00e1 mucho. A partir del jueves se prev\u00e9 que empiece a rotar nuevamente el viento con sentido sur. Esto provocar\u00e1 una baja de temperaturas, con m\u00ednimas de 2 grados en el sur y 6 grados en el centro norte provincial, mientras que las m\u00e1ximas ser\u00e1n de 15 grados.<\/p>\n\n\n\n<p>El viernes y el fin de semana continuar\u00e1 el fr\u00edo en todo el territorio provincial. No se descarta que para estos d\u00edas se registren m\u00ednimas de hasta 1 grado, sobre todo en las localidades del sur. El resto oscilar\u00eda en 2 y 3 grados. Las m\u00e1ximas se ubicar\u00edan en 11 y 12 grados.<\/p>\n","protected":false},"excerpt":{"rendered":"<p>Si bien este martes y mi&eacute;rcoles se espera una leve suba de las marcas t&eacute;rmicas, se anuncia un nuevo descenso de las temperaturas en Entre R&iacute;os. El Servicio Meteorol&oacute;gico Nacional -SMN- pronostica para este martes un leve repunte de las temperaturas en Entre R&iacute;os. Las m&iacute;nimas se ubican entre los 5 y 6 grados, mientras [&hellip;]<\/p>\n","protected":false},"author":2,"featured_media":689,"comment_status":"open","ping_status":"open","sticky":false,"template":"","format":"standard","meta":{"footnotes":""},"categories":[4,49],"tags":[38,33],"class_list":["post-687","post","type-post","status-publish","format-standard","has-post-thumbnail","hentry","category-provinciales","category-sociedad","tag-clima","tag-entre-rios"],"_links":{"self":[{"href":"https:\/\/impactodenoticias.com.ar\/index.php?rest_route=\/wp\/v2\/posts\/687","targetHints":{"allow":["GET"]}}],"collection":[{"href":"https:\/\/impactodenoticias.com.ar\/index.php?rest_route=\/wp\/v2\/posts"}],"about":[{"href":"https:\/\/impactodenoticias.com.ar\/index.php?rest_route=\/wp\/v2\/types\/post"}],"author":[{"embeddable":true,"href":"https:\/\/impactodenoticias.com.ar\/index.php?rest_route=\/wp\/v2\/users\/2"}],"replies":[{"embeddable":true,"href":"https:\/\/impactodenoticias.com.ar\/index.php?rest_route=%2Fwp%2Fv2%2Fcomments&post=687"}],"version-history":[{"count":1,"href":"https:\/\/impactodenoticias.com.ar\/index.php?rest_route=\/wp\/v2\/posts\/687\/revisions"}],"predecessor-version":[{"id":690,"href":"https:\/\/impactodenoticias.com.ar\/index.php?rest_route=\/wp\/v2\/posts\/687\/revisions\/690"}],"wp:featuredmedia":[{"embeddable":true,"href":"https:\/\/impactodenoticias.com.ar\/index.php?rest_route=\/wp\/v2\/media\/689"}],"wp:attachment":[{"href":"https:\/\/impactodenoticias.com.ar\/index.php?rest_route=%2Fwp%2Fv2%2Fmedia&parent=687"}],"wp:term":[{"taxonomy":"category","embeddable":true,"href":"https:\/\/impactodenoticias.com.ar\/index.php?rest_route=%2Fwp%2Fv2%2Fcategories&post=687"},{"taxonomy":"post_tag","embeddable":true,"href":"https:\/\/impactodenoticias.com.ar\/index.php?rest_route=%2Fwp%2Fv2%2Ftags&post=687"}],"curies":[{"name":"wp","href":"https:\/\/api.w.org\/{rel}","templated":true}]}}