{"id":6874,"date":"2024-11-09T09:52:33","date_gmt":"2024-11-09T12:52:33","guid":{"rendered":"https:\/\/impactodenoticias.com.ar\/?p=6874"},"modified":"2024-11-09T09:52:33","modified_gmt":"2024-11-09T12:52:33","slug":"la-comunidad-educativa-de-la-escuela-normal-de-concordia-reclamo-por-mejoras-edilicias","status":"publish","type":"post","link":"https:\/\/impactodenoticias.com.ar\/?p=6874","title":{"rendered":"La comunidad educativa de la escuela Normal de Concordia reclam\u00f3 por mejoras edilicias"},"content":{"rendered":"\n<p class=\"has-medium-font-size\"><strong>La manifestaci\u00f3n se realiz\u00f3 para dar cuenta de las deficiencias del edificio, que ocupa la manzana de las calles Sarmiento, Alem, 25 de Mayo y Quintana.<\/strong><\/p>\n\n\n\n<p>Los problemas se viralizaron en redes sociales y medios locales, cuando se dio a conocer a la sociedad -a trav\u00e9s de videos y fotos- la situaci\u00f3n del sal\u00f3n de actos, actualmente inhabilitado debido a su deplorable estado.<\/p>\n\n\n\n<p><\/p>\n\n\n\n<figure class=\"wp-block-image size-full\"><img loading=\"lazy\" decoding=\"async\" width=\"670\" height=\"426\" src=\"https:\/\/impactodenoticias.com.ar\/wp-content\/uploads\/2024\/11\/scrnli_9peT9fYyF58KCh.png\" alt=\"\" class=\"wp-image-6875\" srcset=\"https:\/\/impactodenoticias.com.ar\/wp-content\/uploads\/2024\/11\/scrnli_9peT9fYyF58KCh.png 670w, https:\/\/impactodenoticias.com.ar\/wp-content\/uploads\/2024\/11\/scrnli_9peT9fYyF58KCh-300x191.png 300w\" sizes=\"auto, (max-width: 670px) 100vw, 670px\" \/><\/figure>\n\n\n\n<p><\/p>\n\n\n\n<p>De la manifestaci\u00f3n participaron alumnos de todos los niveles, desde primaria y secundaria hasta los estudiantes de los profesorados, adem\u00e1s de docentes, ex alumnos y familias que se sumaron para exigir soluciones a los problemas edilicios que afectan a la hist\u00f3rica escuela.<\/p>\n\n\n\n<p>En di\u00e1logo con medios de comunicaci\u00f3n la rectora de la instituci\u00f3n, Karina Schonfeld, y la vicerrectora, Silvia Carrasco, expresaron la importancia de esta manifestaci\u00f3n. Schonfeld indic\u00f3 que en el edificio escolar \u201cest\u00e1n comprometidos un mont\u00f3n de lugares y cada vez vamos perdiendo m\u00e1s espacios\u201d, fundamentando que es por eso \u201cque queremos una reparaci\u00f3n completa de todo el edificio\u201d, se\u00f1al\u00f3 la docente.<\/p>\n\n\n\n<p>Y detall\u00f3 que \u201chay parte de la mamposter\u00eda que se va cayendo, ventanas que no se pueden cerrar. La escuela est\u00e1 muy vulnerada y evidentemente no podemos seguir en estas condiciones\u201d, apuntando que las clases contin\u00faan porque \u201ctodo el equipo directivo, docente y de alumnos pone lo mejor de ellos\u201d.<\/p>\n\n\n\n<p>Consultada sobre la participaci\u00f3n del reclamo, manifest\u00f3 que \u201cla convocatoria fue muy importante, no solo nuestros integrantes, sino que tambi\u00e9n colegas de otras instituciones se acercaron\u201d. Advirtiendo qu \u201choy es Normal, pero todas tienen inconvenientes\u201d.<\/p>\n\n\n\n<p><strong>Las respuesta a los reclamos<\/strong><\/p>\n\n\n\n<p>Consultada sobre si en estas semanas recibieron respuestas por sus reclamos, la rectora dijo que \u201chicimos todo lo correcto jer\u00e1rquicamente, nos presentaron notas, proyectos, pero no tenemos respuesta, el proyecto est\u00e1, pero no se lleva a cabo\u201d explic\u00f3 Schonfeld.<\/p>\n\n\n\n<p>Por su parte la vicerrectora Silvia Carrasco record\u00f3 los trabajos ya realizados el a\u00f1o pasado, algunos de los cuales ya presentan problemas, ya que, \u201ccomo pasa con las obras p\u00fablicas, el tema es la falta de mantenimiento y nosotros no contamos con el personal id\u00f3neo\u201d, destac\u00f3.<\/p>\n\n\n\n<p>Es por eso que el planteo es \u201cde poner en valor todo el edificio, porque es un patrimonio cultural y arquitect\u00f3nico exquisito\u201d. La docente dijo tener esperanza \u201cque la movida toque alg\u00fan coraz\u00f3n de los funcionarios y esperemos tener repercusi\u00f3n\u201d.<\/p>\n\n\n\n<p>Sobre si tuvieron comunicaci\u00f3n con funcionarios provinciales o responsables de la educaci\u00f3n, las docentes a cargo de la instituci\u00f3n mencionaron que \u201csolamente los medios estuvieron presentes, hasta ahora nadie se comunic\u00f3 con nosotros\u201d, haciendo referencia a los representantes locales del Consejo General de Educaci\u00f3n.<\/p>\n\n\n\n<p>Finalizando subrayaron que el dictado de clases no est\u00e1 comprometido, pero destacaron la urgencia de poner el edificio en condiciones para, por lo menos, terminar el ciclo lectivo 2024.<\/p>\n","protected":false},"excerpt":{"rendered":"<p>La manifestaci&oacute;n se realiz&oacute; para dar cuenta de las deficiencias del edificio, que ocupa la manzana de las calles Sarmiento, Alem, 25 de Mayo y Quintana. Los problemas se viralizaron en redes sociales y medios locales, cuando se dio a conocer a la sociedad -a trav&eacute;s de videos y fotos- la situaci&oacute;n del sal&oacute;n de [&hellip;]<\/p>\n","protected":false},"author":2,"featured_media":6876,"comment_status":"open","ping_status":"open","sticky":false,"template":"","format":"standard","meta":{"footnotes":""},"categories":[4,49],"tags":[2888,72,2889,1098,2887],"class_list":["post-6874","post","type-post","status-publish","format-standard","has-post-thumbnail","hentry","category-provinciales","category-sociedad","tag-comunidad","tag-concordia","tag-educativa","tag-escuela-normal","tag-manifestacion"],"_links":{"self":[{"href":"https:\/\/impactodenoticias.com.ar\/index.php?rest_route=\/wp\/v2\/posts\/6874","targetHints":{"allow":["GET"]}}],"collection":[{"href":"https:\/\/impactodenoticias.com.ar\/index.php?rest_route=\/wp\/v2\/posts"}],"about":[{"href":"https:\/\/impactodenoticias.com.ar\/index.php?rest_route=\/wp\/v2\/types\/post"}],"author":[{"embeddable":true,"href":"https:\/\/impactodenoticias.com.ar\/index.php?rest_route=\/wp\/v2\/users\/2"}],"replies":[{"embeddable":true,"href":"https:\/\/impactodenoticias.com.ar\/index.php?rest_route=%2Fwp%2Fv2%2Fcomments&post=6874"}],"version-history":[{"count":1,"href":"https:\/\/impactodenoticias.com.ar\/index.php?rest_route=\/wp\/v2\/posts\/6874\/revisions"}],"predecessor-version":[{"id":6877,"href":"https:\/\/impactodenoticias.com.ar\/index.php?rest_route=\/wp\/v2\/posts\/6874\/revisions\/6877"}],"wp:featuredmedia":[{"embeddable":true,"href":"https:\/\/impactodenoticias.com.ar\/index.php?rest_route=\/wp\/v2\/media\/6876"}],"wp:attachment":[{"href":"https:\/\/impactodenoticias.com.ar\/index.php?rest_route=%2Fwp%2Fv2%2Fmedia&parent=6874"}],"wp:term":[{"taxonomy":"category","embeddable":true,"href":"https:\/\/impactodenoticias.com.ar\/index.php?rest_route=%2Fwp%2Fv2%2Fcategories&post=6874"},{"taxonomy":"post_tag","embeddable":true,"href":"https:\/\/impactodenoticias.com.ar\/index.php?rest_route=%2Fwp%2Fv2%2Ftags&post=6874"}],"curies":[{"name":"wp","href":"https:\/\/api.w.org\/{rel}","templated":true}]}}