{"id":6885,"date":"2024-11-09T10:49:18","date_gmt":"2024-11-09T13:49:18","guid":{"rendered":"https:\/\/impactodenoticias.com.ar\/?p=6885"},"modified":"2024-11-09T10:49:18","modified_gmt":"2024-11-09T13:49:18","slug":"la-legisladora-nacional-nancy-ballejos-asumio-como-vocal-la-comision-de-intereses-maritimos","status":"publish","type":"post","link":"https:\/\/impactodenoticias.com.ar\/?p=6885","title":{"rendered":"La legisladora nacional Nancy Ballejos asumi\u00f3 como vocal la Comisi\u00f3n de Intereses Mar\u00edtimos"},"content":{"rendered":"\n<h3 class=\"wp-block-heading\">La diputada se\u00f1al\u00f3 que dentro de las tem\u00e1ticas m\u00e1s importantes que aborda esta Comisi\u00f3n se encuentra la conocida como la Hidrov\u00eda Paraguay-Paran\u00e1. La flamente vocal indic\u00f3 que \u201cdebe ponderarse las caracter\u00edsticas geogr\u00e1ficas de nuestra provincia y las mismas deben ser aprovechadas\u201d.<\/h3>\n\n\n\n<p>La Diputada Nacional Nancy Ballejos (Juntos por Entre R\u00edos), asumi\u00f3 como vocal en la Comisi\u00f3n de Intereses Mar\u00edtimos, Fluviales, Pesqueros y Portuarios de la Honorable C\u00e1mara de Diputados de la Naci\u00f3n.<\/p>\n\n\n\n<p>La Comisi\u00f3n de Intereses Mar\u00edtimos, Fluviales, Pesqueros y Portuarios es estrat\u00e9gica y crucial que se encarga de todas las cuestiones vinculadas con la preservaci\u00f3n, desarrollo, explotaci\u00f3n e investigaci\u00f3n de los recursos naturales renovables y no renovables del mar, los r\u00edos y las aguas interiores. Adem\u00e1s se ocupa de todas las pol\u00edticas vinculadas al transporte mar\u00edtimo, como la implementaci\u00f3n y el control del sistema portuario y de las v\u00edas navegables.<\/p>\n\n\n\n<p>La Diputada subray\u00f3 que dentro de las tem\u00e1ticas m\u00e1s importantes que aborda esta Comisi\u00f3n se encuentra la V\u00eda Navegable Troncal, tambi\u00e9n conocida como la Hidrov\u00eda Paraguay-Paran\u00e1. Este es un corredor fluvial natural, con m\u00e1s de 3.400 km. de extensi\u00f3n, que permite la navegaci\u00f3n continua entre los puertos de Argentina, Brasil, Bolivia, Paraguay y Uruguay, rodeando a nuestra provincia por el oeste, por el R\u00edo Paran\u00e1.<\/p>\n\n\n\n<p>De acuerdo a los dichos de la legisladora lo estrat\u00e9gico para el desarrollo regional viene dado por el hecho de que, por esta Hidrov\u00eda circulan cerca 20 mil barcazas al a\u00f1o y por la cual se transportan m\u00e1s de 100 millones de toneladas de mercader\u00edas y el 80% de las exportaciones nacionales salen por este canal.<\/p>\n\n\n\n<p>Gracias a la instalaci\u00f3n de distintos puertos dentro de la zona n\u00facleo de la exportaci\u00f3n agroindustrial de Entre R\u00edos, Santa Fe y Buenos Aires la comercializaci\u00f3n de los productos puede hacerse de manera m\u00e1s eficiente y rentable. En t\u00e9rminos num\u00e9ricos, para transportar una tonelada de carga en una barcaza se necesitan 1 litro de combustible para recorrer 250 km, mientras que para transportar la misma carga en cami\u00f3n, con 1 litro de combustible apenas se recorren 27 km. Esto tiene un impacto positivo no solo en la rentabilidad del transporte sino tambi\u00e9n en el cuidado ambiental, agreg\u00f3.<\/p>\n\n\n\n<p>En este sentido, Ballejos se\u00f1al\u00f3 que debe ponderarse las caracter\u00edsticas geogr\u00e1ficas de nuestra provincia y las mismas deben ser aprovechadas. Contamos con m\u00e1s 7700 cursos de aguas interiores, totalizando m\u00e1s de 40.000 kil\u00f3metros de r\u00edos y arroyos. Adem\u00e1s de la enorme capacidad productiva y exportadora de nuestras econom\u00edas provinciales las que deben ser potenciadas y enriquecidas con pol\u00edticas p\u00fablicas que permitan que los sistemas de transporte se acerquen a las zonas de producci\u00f3n e industrializaci\u00f3n.<\/p>\n\n\n\n<p>Finalizando, Ballejos remarc\u00f3 que, ante el inminente llamado a licitaci\u00f3n que debe realizar el Gobierno Nacional para realizar las tareas de dragado y balizamiento, ser\u00eda oportuno considerar una ampliaci\u00f3n, tanto de la profundidad de calado como la inclusi\u00f3n del r\u00edo Paran\u00e1 Guaz\u00fa en el proyecto, lo que significar\u00eda un mayor y mejor aprovechamiento de la Hidrovia.<\/p>\n","protected":false},"excerpt":{"rendered":"<p>La diputada se&ntilde;al&oacute; que dentro de las tem&aacute;ticas m&aacute;s importantes que aborda esta Comisi&oacute;n se encuentra la conocida como la Hidrov&iacute;a Paraguay-Paran&aacute;. La flamente vocal indic&oacute; que &ldquo;debe ponderarse las caracter&iacute;sticas geogr&aacute;ficas de nuestra provincia y las mismas deben ser aprovechadas&rdquo;. La Diputada Nacional Nancy Ballejos (Juntos por Entre R&iacute;os), asumi&oacute; como vocal en la [&hellip;]<\/p>\n","protected":false},"author":2,"featured_media":6886,"comment_status":"open","ping_status":"open","sticky":false,"template":"","format":"standard","meta":{"footnotes":""},"categories":[11,4],"tags":[1398,2900,2902,1354,2899],"class_list":["post-6885","post","type-post","status-publish","format-standard","has-post-thumbnail","hentry","category-politica","category-provinciales","tag-comision","tag-intereses","tag-maritimos","tag-nancy-ballejos","tag-vocal"],"_links":{"self":[{"href":"https:\/\/impactodenoticias.com.ar\/index.php?rest_route=\/wp\/v2\/posts\/6885","targetHints":{"allow":["GET"]}}],"collection":[{"href":"https:\/\/impactodenoticias.com.ar\/index.php?rest_route=\/wp\/v2\/posts"}],"about":[{"href":"https:\/\/impactodenoticias.com.ar\/index.php?rest_route=\/wp\/v2\/types\/post"}],"author":[{"embeddable":true,"href":"https:\/\/impactodenoticias.com.ar\/index.php?rest_route=\/wp\/v2\/users\/2"}],"replies":[{"embeddable":true,"href":"https:\/\/impactodenoticias.com.ar\/index.php?rest_route=%2Fwp%2Fv2%2Fcomments&post=6885"}],"version-history":[{"count":1,"href":"https:\/\/impactodenoticias.com.ar\/index.php?rest_route=\/wp\/v2\/posts\/6885\/revisions"}],"predecessor-version":[{"id":6887,"href":"https:\/\/impactodenoticias.com.ar\/index.php?rest_route=\/wp\/v2\/posts\/6885\/revisions\/6887"}],"wp:featuredmedia":[{"embeddable":true,"href":"https:\/\/impactodenoticias.com.ar\/index.php?rest_route=\/wp\/v2\/media\/6886"}],"wp:attachment":[{"href":"https:\/\/impactodenoticias.com.ar\/index.php?rest_route=%2Fwp%2Fv2%2Fmedia&parent=6885"}],"wp:term":[{"taxonomy":"category","embeddable":true,"href":"https:\/\/impactodenoticias.com.ar\/index.php?rest_route=%2Fwp%2Fv2%2Fcategories&post=6885"},{"taxonomy":"post_tag","embeddable":true,"href":"https:\/\/impactodenoticias.com.ar\/index.php?rest_route=%2Fwp%2Fv2%2Ftags&post=6885"}],"curies":[{"name":"wp","href":"https:\/\/api.w.org\/{rel}","templated":true}]}}