{"id":6888,"date":"2024-11-09T10:59:36","date_gmt":"2024-11-09T13:59:36","guid":{"rendered":"https:\/\/impactodenoticias.com.ar\/?p=6888"},"modified":"2024-11-09T10:59:44","modified_gmt":"2024-11-09T13:59:44","slug":"gualeguaychu-regresa-al-comite-de-integracion-con-uruguay","status":"publish","type":"post","link":"https:\/\/impactodenoticias.com.ar\/?p=6888","title":{"rendered":"Gualeguaych\u00fa regresa al Comit\u00e9 de Integraci\u00f3n con Uruguay"},"content":{"rendered":"\n<h3 class=\"wp-block-heading\">El c\u00f3nsul argentino en Fray Bentos, Marcelo Irigoyen, coordin\u00f3 con el secretario de Gobierno, Dr. Manuel Olalde, el pr\u00f3ximo encuentro del Comit\u00e9 de Integraci\u00f3n Gualeguaych\u00fa-Fray Bentos, que se llevar\u00e1 adelante en diciembre en Las Ca\u00f1as.<\/h3>\n\n\n\n<p>La fecha acordada para el pr\u00f3ximo encuentro es el martes 3 de diciembre de 2024, y se realizar\u00e1 en el Centro de Convenciones del balneario Las Ca\u00f1as, en Fray Bentos. Esta reuni\u00f3n es un paso significativo para retomar la colaboraci\u00f3n entre ambas ciudades vecinas y fortalecer la de este modo la integraci\u00f3n en m\u00faltiples \u00e1reas.<\/p>\n\n\n\n<p>Gualeguaych\u00fa, que estuvo ausente durante 20 a\u00f1os, participar\u00e1 con una delegaci\u00f3n conformada por representantes de la Secretar\u00eda de Producci\u00f3n, la Secretar\u00eda de Desarrollo, la Secretar\u00eda de Seguridad, as\u00ed como las \u00e1reas de Cultura, Turismo, Educaci\u00f3n y Salud. Esta amplia participaci\u00f3n demuestra el compromiso de la gesti\u00f3n municipal para abordar temas de inter\u00e9s com\u00fan y promover el desarrollo regional.<\/p>\n\n\n\n<p>La agenda de esta reuni\u00f3n binacional abordar\u00e1 aspectos estrat\u00e9gicos para ambas comunidades, incluyendo:<\/p>\n\n\n\n<ul class=\"wp-block-list\">\n<li>Facilitaci\u00f3n fronteriza y seguridad: temas sobre el tr\u00e1nsito vecinal fronterizo, cooperaci\u00f3n judicial en temas de familia y protocolos de seguridad.<\/li>\n\n\n\n<li>Infraestructura, producci\u00f3n y turismo: se analizar\u00e1 el desarrollo del Parque Industrial de Gualeguaych\u00fa y la promoci\u00f3n de negocios conjuntos. Adem\u00e1s, el \u00e1rea de turismo ser\u00e1 clave, ya que existe una promesa binacional de promover la integraci\u00f3n en este sector.<\/li>\n\n\n\n<li>Educaci\u00f3n y cultura: se discutir\u00e1n posibles nuevas carreras binacionales, y se explorar\u00e1 la colaboraci\u00f3n cultural a trav\u00e9s del intercambio de obras de arte, proyectos comunitarios y eventos como festivales de jazz. Tambi\u00e9n se tratar\u00e1 el tr\u00e1nsito de bienes culturales para eventos y actividades deportivas.<\/li>\n\n\n\n<li>Salud: se avanzar\u00e1 en la coordinaci\u00f3n de emergencias, como el tr\u00e1nsito de ambulancias, el estado del protocolo bilateral para arbovirus, y la facilitaci\u00f3n del pasaporte equino, entre otros puntos clave para el bienestar regional.<\/li>\n<\/ul>\n\n\n\n<p>Irigoyen subyar\u00f3 que este tipo de iniciativas entre Gualeguaych\u00fa y Fray Bentos, gestionadas por las canciller\u00edas de ambos pa\u00edses, representan una oportunidad invaluable para trabajar de manera conjunta en \u00e1reas cr\u00edticas y promover el bienestar com\u00fan.<\/p>\n\n\n\n<p>La expectativa es que, luego del encuentro en Fray Bentos, la pr\u00f3xima reuni\u00f3n del Comit\u00e9 se realice en Gualeguaych\u00fa, fortaleciendo as\u00ed los lazos de integraci\u00f3n y cooperaci\u00f3n binacional para el beneficio de ambas ciudades.<\/p>\n","protected":false},"excerpt":{"rendered":"<p>El c&oacute;nsul argentino en Fray Bentos, Marcelo Irigoyen, coordin&oacute; con el secretario de Gobierno, Dr. Manuel Olalde, el pr&oacute;ximo encuentro del Comit&eacute; de Integraci&oacute;n Gualeguaych&uacute;-Fray Bentos, que se llevar&aacute; adelante en diciembre en Las Ca&ntilde;as. La fecha acordada para el pr&oacute;ximo encuentro es el martes 3 de diciembre de 2024, y se realizar&aacute; en el [&hellip;]<\/p>\n","protected":false},"author":2,"featured_media":6889,"comment_status":"open","ping_status":"open","sticky":false,"template":"","format":"standard","meta":{"footnotes":""},"categories":[11,4],"tags":[2825,2905,280,2903,2906,2904,524],"class_list":["post-6888","post","type-post","status-publish","format-standard","has-post-thumbnail","hentry","category-politica","category-provinciales","tag-comite","tag-fray-bentos","tag-gualeguaychu","tag-integracion","tag-las-canas","tag-manuel-olalde","tag-uruguay"],"_links":{"self":[{"href":"https:\/\/impactodenoticias.com.ar\/index.php?rest_route=\/wp\/v2\/posts\/6888","targetHints":{"allow":["GET"]}}],"collection":[{"href":"https:\/\/impactodenoticias.com.ar\/index.php?rest_route=\/wp\/v2\/posts"}],"about":[{"href":"https:\/\/impactodenoticias.com.ar\/index.php?rest_route=\/wp\/v2\/types\/post"}],"author":[{"embeddable":true,"href":"https:\/\/impactodenoticias.com.ar\/index.php?rest_route=\/wp\/v2\/users\/2"}],"replies":[{"embeddable":true,"href":"https:\/\/impactodenoticias.com.ar\/index.php?rest_route=%2Fwp%2Fv2%2Fcomments&post=6888"}],"version-history":[{"count":1,"href":"https:\/\/impactodenoticias.com.ar\/index.php?rest_route=\/wp\/v2\/posts\/6888\/revisions"}],"predecessor-version":[{"id":6890,"href":"https:\/\/impactodenoticias.com.ar\/index.php?rest_route=\/wp\/v2\/posts\/6888\/revisions\/6890"}],"wp:featuredmedia":[{"embeddable":true,"href":"https:\/\/impactodenoticias.com.ar\/index.php?rest_route=\/wp\/v2\/media\/6889"}],"wp:attachment":[{"href":"https:\/\/impactodenoticias.com.ar\/index.php?rest_route=%2Fwp%2Fv2%2Fmedia&parent=6888"}],"wp:term":[{"taxonomy":"category","embeddable":true,"href":"https:\/\/impactodenoticias.com.ar\/index.php?rest_route=%2Fwp%2Fv2%2Fcategories&post=6888"},{"taxonomy":"post_tag","embeddable":true,"href":"https:\/\/impactodenoticias.com.ar\/index.php?rest_route=%2Fwp%2Fv2%2Ftags&post=6888"}],"curies":[{"name":"wp","href":"https:\/\/api.w.org\/{rel}","templated":true}]}}