{"id":691,"date":"2024-07-02T09:24:09","date_gmt":"2024-07-02T12:24:09","guid":{"rendered":"https:\/\/impactodenoticias.com.ar\/?p=691"},"modified":"2024-07-02T09:24:09","modified_gmt":"2024-07-02T12:24:09","slug":"nueva-linea-de-investigacion-gira-en-torno-a-la-desaparicion-de-fabiani","status":"publish","type":"post","link":"https:\/\/impactodenoticias.com.ar\/?p=691","title":{"rendered":"Nueva l\u00ednea de investigaci\u00f3n gira en torno a la desaparici\u00f3n de Fabiani"},"content":{"rendered":"\n<p><strong>Lo afirm\u00f3 el abogado Rub\u00e9n Paglioto, que representa a la familia del hombre desaparecido hace casi un mes. Solicitar\u00e1 que intervenga una fuerza federal en la investigaci\u00f3n.<\/strong><\/p>\n\n\n\n<p>Rub\u00e9n Paglioto, abogado de la familia de Enrique Fabiani -desaparecido hace 27 d\u00edas luego de salir a cazar- se\u00f1al\u00f3 que existen dos hip\u00f3tesis principales en torno a la ausencia del hombre. No obstante, aclar\u00f3 que no se descarta ninguna.<\/p>\n\n\n\n<p>El abogado defensor de la familia de fabiani, se\u00f1al\u00f3 que la primera conjetura gira en torno a Julio Lodi, due\u00f1o del campo en el que recal\u00f3 Fabiani cuando se perdi\u00f3 en el momento. En la tranquera de su predio se pierde su rastro y tambi\u00e9n fue se\u00f1alado, d\u00edas atr\u00e1s, por la hija del desaparecido como alguien que podr\u00eda tener alg\u00fan v\u00ednculo con la situaci\u00f3n. La segunda hip\u00f3tesis est\u00e1 relacionada con la Brigada Abigeato de Bovril, a partir de dichos de unos de sus funcionarios.<\/p>\n\n\n\n<p>\u201cVamos a citar a declarar a un funcionario de Abigeato de Bovril que se expres\u00f3 ante Germ\u00e1n Fabiani -hijo de Enrique- ante su esposa y frente a una escribana. Despert\u00f3 sospechas, por lo que cuenta \u00e9l y por lo que, por otro lado, informa la Divisi\u00f3n\u201d, explic\u00f3 Paglioto. Y acot\u00f3: \u201cNo estamos abriendo ninguna imputaci\u00f3n, pero no descartamos nada. A m\u00ed me genera muchas dudas y pongo especial foco en el personal de Abigeato que fue al campo de Lodi, hay inconsistencias\u201c.<\/p>\n\n\n\n<p>El abogado indic\u00f3 adem\u00e1s que se trabaja junto al fiscal Mauro Quirolo, que investiga la desaparici\u00f3n de Fabiani: \u201c\u00c9l comparte que es esencial tener la cabeza abierta y no dar por contada o no descartar ninguna posibilidad. Tenemos su compromiso de no desechar las hip\u00f3tesis\u201d, agreg\u00f3.<\/p>\n\n\n\n<p>\u201cCuando el cuerpo no aparece debemos pensar que perdi\u00f3 la vida. Resta saber si fue de forma natural o hubo terceros que participaron\u201d, se\u00f1al\u00f3 Paglioto. Asimismo, aclar\u00f3 que es su opini\u00f3n personal, basada en otros casos similares en m\u00e1s de 30 a\u00f1os de ejercicio del derecho, concluy\u00f3.<\/p>\n\n\n\n<p><\/p>\n","protected":false},"excerpt":{"rendered":"<p>Lo afirm&oacute; el abogado Rub&eacute;n Paglioto, que representa a la familia del hombre desaparecido hace casi un mes. Solicitar&aacute; que intervenga una fuerza federal en la investigaci&oacute;n. Rub&eacute;n Paglioto, abogado de la familia de Enrique Fabiani -desaparecido hace 27 d&iacute;as luego de salir a cazar- se&ntilde;al&oacute; que existen dos hip&oacute;tesis principales en torno a la [&hellip;]<\/p>\n","protected":false},"author":2,"featured_media":692,"comment_status":"open","ping_status":"open","sticky":false,"template":"","format":"standard","meta":{"footnotes":""},"categories":[90,8,4],"tags":[307,251,305,33,118,304],"class_list":["post-691","post","type-post","status-publish","format-standard","has-post-thumbnail","hentry","category-judicial","category-policiales","category-provinciales","tag-bovril","tag-busqueda","tag-enrique-fabiani","tag-entre-rios","tag-policiales","tag-ruben-paglioto"],"_links":{"self":[{"href":"https:\/\/impactodenoticias.com.ar\/index.php?rest_route=\/wp\/v2\/posts\/691","targetHints":{"allow":["GET"]}}],"collection":[{"href":"https:\/\/impactodenoticias.com.ar\/index.php?rest_route=\/wp\/v2\/posts"}],"about":[{"href":"https:\/\/impactodenoticias.com.ar\/index.php?rest_route=\/wp\/v2\/types\/post"}],"author":[{"embeddable":true,"href":"https:\/\/impactodenoticias.com.ar\/index.php?rest_route=\/wp\/v2\/users\/2"}],"replies":[{"embeddable":true,"href":"https:\/\/impactodenoticias.com.ar\/index.php?rest_route=%2Fwp%2Fv2%2Fcomments&post=691"}],"version-history":[{"count":1,"href":"https:\/\/impactodenoticias.com.ar\/index.php?rest_route=\/wp\/v2\/posts\/691\/revisions"}],"predecessor-version":[{"id":693,"href":"https:\/\/impactodenoticias.com.ar\/index.php?rest_route=\/wp\/v2\/posts\/691\/revisions\/693"}],"wp:featuredmedia":[{"embeddable":true,"href":"https:\/\/impactodenoticias.com.ar\/index.php?rest_route=\/wp\/v2\/media\/692"}],"wp:attachment":[{"href":"https:\/\/impactodenoticias.com.ar\/index.php?rest_route=%2Fwp%2Fv2%2Fmedia&parent=691"}],"wp:term":[{"taxonomy":"category","embeddable":true,"href":"https:\/\/impactodenoticias.com.ar\/index.php?rest_route=%2Fwp%2Fv2%2Fcategories&post=691"},{"taxonomy":"post_tag","embeddable":true,"href":"https:\/\/impactodenoticias.com.ar\/index.php?rest_route=%2Fwp%2Fv2%2Ftags&post=691"}],"curies":[{"name":"wp","href":"https:\/\/api.w.org\/{rel}","templated":true}]}}