{"id":6928,"date":"2024-11-10T17:30:12","date_gmt":"2024-11-10T20:30:12","guid":{"rendered":"https:\/\/impactodenoticias.com.ar\/?p=6928"},"modified":"2024-11-10T17:30:13","modified_gmt":"2024-11-10T20:30:13","slug":"hallaron-en-el-rio-parana-un-cuerpo-con-varios-golpes","status":"publish","type":"post","link":"https:\/\/impactodenoticias.com.ar\/?p=6928","title":{"rendered":"Hallaron en el r\u00edo Paran\u00e1 un cuerpo con varios golpes"},"content":{"rendered":"\n<p class=\"has-medium-font-size\"><strong>Se tratar\u00eda de un hombre de aproximadamente 30 a\u00f1os, que se encontraba descalzo, con bermuda y remera. El cuerpo fue trasladado a la morgue de Oro Verde.<\/strong><\/p>\n\n\n\n<p>Prefectura Naval Argentina intervino este domingo en horas de la tarde luego de detectar un cuerpo flotando en el r\u00edo Paran\u00e1 a la altura de la Arenera de la capital provincial.<\/p>\n\n\n\n<p>Seg\u00fan se inform\u00f3 se tratar\u00eda de un hombre de unos 30 a\u00f1os, que se encontraba descalzo, con bermuda y remera.<\/p>\n\n\n\n<p>Seg\u00fan observaron vecinos de la zona, ten\u00eda un golpe visible en la cabeza y en el pecho.<\/p>\n\n\n\n<p>Ordenaron el traslado del cuerpo hacia la Morgue de Oro Verde para determinar la identidad de la v\u00edctima y la presencia de golpes.<\/p>\n","protected":false},"excerpt":{"rendered":"<p>Se tratar&iacute;a de un hombre de aproximadamente 30 a&ntilde;os, que se encontraba descalzo, con bermuda y remera. El cuerpo fue trasladado a la morgue de Oro Verde. Prefectura Naval Argentina intervino este domingo en horas de la tarde luego de detectar un cuerpo flotando en el r&iacute;o Paran&aacute; a la altura de la Arenera de [&hellip;]<\/p>\n","protected":false},"author":2,"featured_media":6929,"comment_status":"open","ping_status":"open","sticky":false,"template":"","format":"standard","meta":{"footnotes":""},"categories":[3,8],"tags":[2916,260,95,397],"class_list":["post-6928","post","type-post","status-publish","format-standard","has-post-thumbnail","hentry","category-locales","category-policiales","tag-arenera","tag-cuerpo","tag-parana","tag-rio-parana"],"_links":{"self":[{"href":"https:\/\/impactodenoticias.com.ar\/index.php?rest_route=\/wp\/v2\/posts\/6928","targetHints":{"allow":["GET"]}}],"collection":[{"href":"https:\/\/impactodenoticias.com.ar\/index.php?rest_route=\/wp\/v2\/posts"}],"about":[{"href":"https:\/\/impactodenoticias.com.ar\/index.php?rest_route=\/wp\/v2\/types\/post"}],"author":[{"embeddable":true,"href":"https:\/\/impactodenoticias.com.ar\/index.php?rest_route=\/wp\/v2\/users\/2"}],"replies":[{"embeddable":true,"href":"https:\/\/impactodenoticias.com.ar\/index.php?rest_route=%2Fwp%2Fv2%2Fcomments&post=6928"}],"version-history":[{"count":1,"href":"https:\/\/impactodenoticias.com.ar\/index.php?rest_route=\/wp\/v2\/posts\/6928\/revisions"}],"predecessor-version":[{"id":6930,"href":"https:\/\/impactodenoticias.com.ar\/index.php?rest_route=\/wp\/v2\/posts\/6928\/revisions\/6930"}],"wp:featuredmedia":[{"embeddable":true,"href":"https:\/\/impactodenoticias.com.ar\/index.php?rest_route=\/wp\/v2\/media\/6929"}],"wp:attachment":[{"href":"https:\/\/impactodenoticias.com.ar\/index.php?rest_route=%2Fwp%2Fv2%2Fmedia&parent=6928"}],"wp:term":[{"taxonomy":"category","embeddable":true,"href":"https:\/\/impactodenoticias.com.ar\/index.php?rest_route=%2Fwp%2Fv2%2Fcategories&post=6928"},{"taxonomy":"post_tag","embeddable":true,"href":"https:\/\/impactodenoticias.com.ar\/index.php?rest_route=%2Fwp%2Fv2%2Ftags&post=6928"}],"curies":[{"name":"wp","href":"https:\/\/api.w.org\/{rel}","templated":true}]}}