{"id":6931,"date":"2024-11-10T17:34:08","date_gmt":"2024-11-10T20:34:08","guid":{"rendered":"https:\/\/impactodenoticias.com.ar\/?p=6931"},"modified":"2024-11-10T17:34:08","modified_gmt":"2024-11-10T20:34:08","slug":"vecinos-de-bajada-grande-lograron-sofocar-un-principio-de-incendio-desatado-en-una-vivienda","status":"publish","type":"post","link":"https:\/\/impactodenoticias.com.ar\/?p=6931","title":{"rendered":"Vecinos de Bajada Grande lograron sofocar un principio de incendio desatado en una vivienda"},"content":{"rendered":"\n<h2 class=\"wp-block-heading\">El fuego se gener\u00f3 cuando una enredadera tome contacto con una chimenea. Afortunadamente no hubo personas lesionados.<\/h2>\n\n\n\n<p>Un principio de incendio se produjo este domingo al mediod\u00eda en una vivienda de Bajada Grande de Paran\u00e1.<br><br>Seg\u00fan informaron Bomberos Voluntarios a<strong> IMPACTO DE NOTICIAS<\/strong>, el hecho fue en el quincho de una casa ubicada en calle Estrada 3776 donde una enredadera tom\u00f3 contacto con una chimenea generando un foco \u00edgneo que fue r\u00e1pidamente fue controlado por los vecinos.<br><br>El fuego consumi\u00f3 la planta y quem\u00f3 parte de la membrana. Afortunadamente no hubo que lamentar lesionados.<\/p>\n","protected":false},"excerpt":{"rendered":"<p>El fuego se gener&oacute; cuando una enredadera tome contacto con una chimenea. Afortunadamente no hubo personas lesionados. Un principio de incendio se produjo este domingo al mediod&iacute;a en una vivienda de Bajada Grande de Paran&aacute;. Seg&uacute;n informaron Bomberos Voluntarios a IMPACTO DE NOTICIAS, el hecho fue en el quincho de una casa ubicada en calle [&hellip;]<\/p>\n","protected":false},"author":2,"featured_media":6932,"comment_status":"open","ping_status":"open","sticky":false,"template":"","format":"standard","meta":{"footnotes":""},"categories":[3,8],"tags":[656,227,95,496,366],"class_list":["post-6931","post","type-post","status-publish","format-standard","has-post-thumbnail","hentry","category-locales","category-policiales","tag-bajada-grande","tag-incendio","tag-parana","tag-vecinos","tag-vivienda"],"_links":{"self":[{"href":"https:\/\/impactodenoticias.com.ar\/index.php?rest_route=\/wp\/v2\/posts\/6931","targetHints":{"allow":["GET"]}}],"collection":[{"href":"https:\/\/impactodenoticias.com.ar\/index.php?rest_route=\/wp\/v2\/posts"}],"about":[{"href":"https:\/\/impactodenoticias.com.ar\/index.php?rest_route=\/wp\/v2\/types\/post"}],"author":[{"embeddable":true,"href":"https:\/\/impactodenoticias.com.ar\/index.php?rest_route=\/wp\/v2\/users\/2"}],"replies":[{"embeddable":true,"href":"https:\/\/impactodenoticias.com.ar\/index.php?rest_route=%2Fwp%2Fv2%2Fcomments&post=6931"}],"version-history":[{"count":1,"href":"https:\/\/impactodenoticias.com.ar\/index.php?rest_route=\/wp\/v2\/posts\/6931\/revisions"}],"predecessor-version":[{"id":6933,"href":"https:\/\/impactodenoticias.com.ar\/index.php?rest_route=\/wp\/v2\/posts\/6931\/revisions\/6933"}],"wp:featuredmedia":[{"embeddable":true,"href":"https:\/\/impactodenoticias.com.ar\/index.php?rest_route=\/wp\/v2\/media\/6932"}],"wp:attachment":[{"href":"https:\/\/impactodenoticias.com.ar\/index.php?rest_route=%2Fwp%2Fv2%2Fmedia&parent=6931"}],"wp:term":[{"taxonomy":"category","embeddable":true,"href":"https:\/\/impactodenoticias.com.ar\/index.php?rest_route=%2Fwp%2Fv2%2Fcategories&post=6931"},{"taxonomy":"post_tag","embeddable":true,"href":"https:\/\/impactodenoticias.com.ar\/index.php?rest_route=%2Fwp%2Fv2%2Ftags&post=6931"}],"curies":[{"name":"wp","href":"https:\/\/api.w.org\/{rel}","templated":true}]}}