{"id":6981,"date":"2024-11-11T11:40:34","date_gmt":"2024-11-11T14:40:34","guid":{"rendered":"https:\/\/impactodenoticias.com.ar\/?p=6981"},"modified":"2024-11-12T10:33:56","modified_gmt":"2024-11-12T13:33:56","slug":"la-intendenta-romero-recibio-a-representantes-del-banco-de-alimentos-de-parana","status":"publish","type":"post","link":"https:\/\/impactodenoticias.com.ar\/?p=6981","title":{"rendered":"La intendenta Romero recibi\u00f3 a representantes del Banco de Alimentos de Paran\u00e1"},"content":{"rendered":"\n<h3 class=\"wp-block-heading\">En el encuentro, la intendenta Rosario Romero se comprometi\u00f3 a profundizar el trabajo conjunto con la entidad, para fortalecer la asistencia a sectores sociales en situaci\u00f3n de vulnerabilidad. Adem\u00e1s se acordaron acciones a largo plazo.<\/h3>\n\n\n\n<p>La Municipalidad de Paran\u00e1 refuerza su estrategia de colaboraci\u00f3n con organizaciones comunitarias que trabajan para asistir a sectores vulnerables del entramado social. Bajo este eje se desarroll\u00f3 este mi\u00e9rcoles una audiencia entre la intendenta Rosario Romero y miembros del Banco de Alimentos de Paran\u00e1.<\/p>\n\n\n\n<p>En el marco de un convenio de colaboraci\u00f3n mutua, el encuentro sirvi\u00f3 para abordar una amplia agenda y adem\u00e1s proyectar acciones a futuro.<\/p>\n\n\n\n<p>\u201cReconozco la organizaci\u00f3n del Banco de Alimentos, como una instituci\u00f3n no gubernamental con la cual estamos trabajando en la inteligencia de proveer alimentos a dependencias municipales que hacen labor comunitaria. Es el caso de Jardines Maternales y de comedores. La experiencia que venimos haciendo con el Banco de Alimentos es excepcionalmente buena\u201d, valor\u00f3 Romero.<\/p>\n\n\n\n<p>Luego, la Presidenta Municipal agreg\u00f3: \u201cEstamos para renovar nuestro convenio a fin de a\u00f1o y reci\u00e9n tuvimos una reuni\u00f3n para imaginar c\u00f3mo ir creciendo en ese v\u00ednculo\u201d.<\/p>\n\n\n\n<p>En representaci\u00f3n del Banco de Alimentos, el secretario de Relaciones Institucionales, Jorge Signorelli, expres\u00f3: \u201cEs un placer y una sorpresa muy agradable el hecho de que desde la funci\u00f3n p\u00fablica se est\u00e9n ocupando de articular con las organizaciones sociales. Queremos comunicarnos con toda la ciudadan\u00eda a trav\u00e9s del evento que organizamos el 23 de noviembre en el CPC. Saludamos la iniciativa de la Intendenta\u201d.<\/p>\n\n\n\n<p>A su turno, la responsable del \u00e1rea de Recursos, Nahila Chiyah, se\u00f1al\u00f3 que \u201cel encuentro fue muy productivo, lo bueno es que la Intendenta nos confirm\u00f3 que va a estar formando parte de la cena. Y sobre todo, la renovaci\u00f3n del convenio para todo el verano\u201d.<\/p>\n\n\n\n<p>Estuvieron presentes en la reuni\u00f3n el subsecretario de Desarrollo Humano, Pablo Ayala y la presidenta del Banco de Alimentos de Paran\u00e1, Mar\u00eda Paz Montenegro Bernard.<\/p>\n","protected":false},"excerpt":{"rendered":"<p>En el encuentro, la intendenta Rosario Romero se comprometi&oacute; a profundizar el trabajo conjunto con la entidad, para fortalecer la asistencia a sectores sociales en situaci&oacute;n de vulnerabilidad. Adem&aacute;s se acordaron acciones a largo plazo. La Municipalidad de Paran&aacute; refuerza su estrategia de colaboraci&oacute;n con organizaciones comunitarias que trabajan para asistir a sectores vulnerables del [&hellip;]<\/p>\n","protected":false},"author":2,"featured_media":6982,"comment_status":"open","ping_status":"open","sticky":false,"template":"","format":"standard","meta":{"footnotes":""},"categories":[3,1902],"tags":[2935,95,161],"class_list":["post-6981","post","type-post","status-publish","format-standard","has-post-thumbnail","hentry","category-locales","category-municipales","tag-banco-alimentos","tag-parana","tag-rosario-romero"],"_links":{"self":[{"href":"https:\/\/impactodenoticias.com.ar\/index.php?rest_route=\/wp\/v2\/posts\/6981","targetHints":{"allow":["GET"]}}],"collection":[{"href":"https:\/\/impactodenoticias.com.ar\/index.php?rest_route=\/wp\/v2\/posts"}],"about":[{"href":"https:\/\/impactodenoticias.com.ar\/index.php?rest_route=\/wp\/v2\/types\/post"}],"author":[{"embeddable":true,"href":"https:\/\/impactodenoticias.com.ar\/index.php?rest_route=\/wp\/v2\/users\/2"}],"replies":[{"embeddable":true,"href":"https:\/\/impactodenoticias.com.ar\/index.php?rest_route=%2Fwp%2Fv2%2Fcomments&post=6981"}],"version-history":[{"count":1,"href":"https:\/\/impactodenoticias.com.ar\/index.php?rest_route=\/wp\/v2\/posts\/6981\/revisions"}],"predecessor-version":[{"id":6983,"href":"https:\/\/impactodenoticias.com.ar\/index.php?rest_route=\/wp\/v2\/posts\/6981\/revisions\/6983"}],"wp:featuredmedia":[{"embeddable":true,"href":"https:\/\/impactodenoticias.com.ar\/index.php?rest_route=\/wp\/v2\/media\/6982"}],"wp:attachment":[{"href":"https:\/\/impactodenoticias.com.ar\/index.php?rest_route=%2Fwp%2Fv2%2Fmedia&parent=6981"}],"wp:term":[{"taxonomy":"category","embeddable":true,"href":"https:\/\/impactodenoticias.com.ar\/index.php?rest_route=%2Fwp%2Fv2%2Fcategories&post=6981"},{"taxonomy":"post_tag","embeddable":true,"href":"https:\/\/impactodenoticias.com.ar\/index.php?rest_route=%2Fwp%2Fv2%2Ftags&post=6981"}],"curies":[{"name":"wp","href":"https:\/\/api.w.org\/{rel}","templated":true}]}}