{"id":6984,"date":"2024-11-11T20:16:26","date_gmt":"2024-11-11T23:16:26","guid":{"rendered":"https:\/\/impactodenoticias.com.ar\/?p=6984"},"modified":"2024-11-11T20:16:26","modified_gmt":"2024-11-11T23:16:26","slug":"se-dio-a-conocer-la-identidad-del-cuerpo-encontrado-en-el-rio-parana-en-la-zona-de-puerto-viejo","status":"publish","type":"post","link":"https:\/\/impactodenoticias.com.ar\/?p=6984","title":{"rendered":"Se dio a conocer la identidad del cuerpo encontrado en el r\u00edo Paran\u00e1 en la zona de Puerto Viejo"},"content":{"rendered":"\n<h3 class=\"wp-block-heading\">Fue identificado este lunes, el cuerpo hallado el domingo en las aguas del r\u00edo Paran\u00e1 a la altura de Puerto Viejo.<\/h3>\n\n\n\n<p>Se trata de Manuel Emiliano Cerezal, de 24 a\u00f1os, quien se domiciliaba en el barrio Jos\u00e9 Hern\u00e1ndez. El cuerpo fue identificado por sus familiares.<\/p>\n\n\n\n<p>El fiscal Mariano Budasoff dispuso que se lleve a cabo la autopsia de rigor para establecer fehacientemente las causas del fallecimiento.<\/p>\n\n\n\n<p>Los primeros datos recabados por los investigadores se\u00f1alan que el muchacho se habr\u00eda ido de su casa tras mantener una discusi\u00f3n con un familiar.<\/p>\n\n\n\n<p><strong>El hallazgo<\/strong><\/p>\n\n\n\n<p>El hallazgo del cuerpo se registro este domingo al mediod\u00eda. Por una cuesti\u00f3n de jurisdicci\u00f3n, el personal de Prefectura Naval Argentina tom\u00f3 intervenci\u00f3n y se encarg\u00f3 de retirar el cuerpo del agua. El cuerpo fue trasladado a la morgue judicial de Oro Verde para correspondiente autopsia.<\/p>\n\n\n\n<p>En las pr\u00f3ximas horas el fiscal tendr\u00e1 el informe preliminar que le dara la certeza sobre si la muerte fue violenta o no.<\/p>\n","protected":false},"excerpt":{"rendered":"<p>Fue identificado este lunes, el cuerpo hallado el domingo en las aguas del r&iacute;o Paran&aacute; a la altura de Puerto Viejo. Se trata de Manuel Emiliano Cerezal, de 24 a&ntilde;os, quien se domiciliaba en el barrio Jos&eacute; Hern&aacute;ndez. El cuerpo fue identificado por sus familiares. El fiscal Mariano Budasoff dispuso que se lleve a cabo [&hellip;]<\/p>\n","protected":false},"author":2,"featured_media":6985,"comment_status":"open","ping_status":"open","sticky":false,"template":"","format":"standard","meta":{"footnotes":""},"categories":[8,4],"tags":[260,2936,2939,95,2937,397],"class_list":["post-6984","post","type-post","status-publish","format-standard","has-post-thumbnail","hentry","category-policiales","category-provinciales","tag-cuerpo","tag-hallado","tag-manuel-emiliano-cerezal","tag-parana","tag-puerto-viejo","tag-rio-parana"],"_links":{"self":[{"href":"https:\/\/impactodenoticias.com.ar\/index.php?rest_route=\/wp\/v2\/posts\/6984","targetHints":{"allow":["GET"]}}],"collection":[{"href":"https:\/\/impactodenoticias.com.ar\/index.php?rest_route=\/wp\/v2\/posts"}],"about":[{"href":"https:\/\/impactodenoticias.com.ar\/index.php?rest_route=\/wp\/v2\/types\/post"}],"author":[{"embeddable":true,"href":"https:\/\/impactodenoticias.com.ar\/index.php?rest_route=\/wp\/v2\/users\/2"}],"replies":[{"embeddable":true,"href":"https:\/\/impactodenoticias.com.ar\/index.php?rest_route=%2Fwp%2Fv2%2Fcomments&post=6984"}],"version-history":[{"count":1,"href":"https:\/\/impactodenoticias.com.ar\/index.php?rest_route=\/wp\/v2\/posts\/6984\/revisions"}],"predecessor-version":[{"id":6986,"href":"https:\/\/impactodenoticias.com.ar\/index.php?rest_route=\/wp\/v2\/posts\/6984\/revisions\/6986"}],"wp:featuredmedia":[{"embeddable":true,"href":"https:\/\/impactodenoticias.com.ar\/index.php?rest_route=\/wp\/v2\/media\/6985"}],"wp:attachment":[{"href":"https:\/\/impactodenoticias.com.ar\/index.php?rest_route=%2Fwp%2Fv2%2Fmedia&parent=6984"}],"wp:term":[{"taxonomy":"category","embeddable":true,"href":"https:\/\/impactodenoticias.com.ar\/index.php?rest_route=%2Fwp%2Fv2%2Fcategories&post=6984"},{"taxonomy":"post_tag","embeddable":true,"href":"https:\/\/impactodenoticias.com.ar\/index.php?rest_route=%2Fwp%2Fv2%2Ftags&post=6984"}],"curies":[{"name":"wp","href":"https:\/\/api.w.org\/{rel}","templated":true}]}}