{"id":6987,"date":"2024-11-11T20:22:50","date_gmt":"2024-11-11T23:22:50","guid":{"rendered":"https:\/\/impactodenoticias.com.ar\/?p=6987"},"modified":"2024-11-11T20:22:51","modified_gmt":"2024-11-11T23:22:51","slug":"en-medio-de-la-tormenta-despisto-un-camion-de-gran-porte-en-la-autovia-14","status":"publish","type":"post","link":"https:\/\/impactodenoticias.com.ar\/?p=6987","title":{"rendered":"En medio de la tormenta despist\u00f3 un cami\u00f3n de gran porte en la Autov\u00eda 14"},"content":{"rendered":"\n<h3 class=\"wp-block-heading\">Debido a las intensas lluvias que se registraron esta ma\u00f1ana, un cami\u00f3n de gran porte despist\u00f3 en cercan\u00edas de Concepci\u00f3n del Uruguay.<\/h3>\n\n\n\n<p>Un nuevo accidente vial sucedi\u00f3 este lunes por la ma\u00f1ana en el kil\u00f3metro 134 de la Autov\u00eda 14. Un cami\u00f3n con semi despist\u00f3 y volc\u00f3.<\/p>\n\n\n\n<p>Si bien hasta el momento se desconocen las causas, podr\u00eda estimarse que motivo de las intensas lluvias y el agua sobre la cinta asf\u00e1ltica se habr\u00eda desatado el despiste.<\/p>\n\n\n\n<p>Trascendi\u00f3 que no habr\u00eda otro veh\u00edculo involucrado en el accidente y aun resta conocerse el car\u00e1cter de las lesiones del conductor.<\/p>\n","protected":false},"excerpt":{"rendered":"<p>Debido a las intensas lluvias que se registraron esta ma&ntilde;ana, un cami&oacute;n de gran porte despist&oacute; en cercan&iacute;as de Concepci&oacute;n del Uruguay. Un nuevo accidente vial sucedi&oacute; este lunes por la ma&ntilde;ana en el kil&oacute;metro 134 de la Autov&iacute;a 14. Un cami&oacute;n con semi despist&oacute; y volc&oacute;. Si bien hasta el momento se desconocen las [&hellip;]<\/p>\n","protected":false},"author":2,"featured_media":6988,"comment_status":"open","ping_status":"open","sticky":false,"template":"","format":"standard","meta":{"footnotes":""},"categories":[8,4],"tags":[521,545,324,569],"class_list":["post-6987","post","type-post","status-publish","format-standard","has-post-thumbnail","hentry","category-policiales","category-provinciales","tag-autovia-14","tag-camion","tag-concepcion-del-uruguay","tag-despiste"],"_links":{"self":[{"href":"https:\/\/impactodenoticias.com.ar\/index.php?rest_route=\/wp\/v2\/posts\/6987","targetHints":{"allow":["GET"]}}],"collection":[{"href":"https:\/\/impactodenoticias.com.ar\/index.php?rest_route=\/wp\/v2\/posts"}],"about":[{"href":"https:\/\/impactodenoticias.com.ar\/index.php?rest_route=\/wp\/v2\/types\/post"}],"author":[{"embeddable":true,"href":"https:\/\/impactodenoticias.com.ar\/index.php?rest_route=\/wp\/v2\/users\/2"}],"replies":[{"embeddable":true,"href":"https:\/\/impactodenoticias.com.ar\/index.php?rest_route=%2Fwp%2Fv2%2Fcomments&post=6987"}],"version-history":[{"count":1,"href":"https:\/\/impactodenoticias.com.ar\/index.php?rest_route=\/wp\/v2\/posts\/6987\/revisions"}],"predecessor-version":[{"id":6989,"href":"https:\/\/impactodenoticias.com.ar\/index.php?rest_route=\/wp\/v2\/posts\/6987\/revisions\/6989"}],"wp:featuredmedia":[{"embeddable":true,"href":"https:\/\/impactodenoticias.com.ar\/index.php?rest_route=\/wp\/v2\/media\/6988"}],"wp:attachment":[{"href":"https:\/\/impactodenoticias.com.ar\/index.php?rest_route=%2Fwp%2Fv2%2Fmedia&parent=6987"}],"wp:term":[{"taxonomy":"category","embeddable":true,"href":"https:\/\/impactodenoticias.com.ar\/index.php?rest_route=%2Fwp%2Fv2%2Fcategories&post=6987"},{"taxonomy":"post_tag","embeddable":true,"href":"https:\/\/impactodenoticias.com.ar\/index.php?rest_route=%2Fwp%2Fv2%2Ftags&post=6987"}],"curies":[{"name":"wp","href":"https:\/\/api.w.org\/{rel}","templated":true}]}}