{"id":6997,"date":"2024-11-12T09:21:40","date_gmt":"2024-11-12T12:21:40","guid":{"rendered":"https:\/\/impactodenoticias.com.ar\/?p=6997"},"modified":"2024-11-13T11:11:00","modified_gmt":"2024-11-13T14:11:00","slug":"buscan-intensamente-a-una-mujer-que-se-encuentra-desaparecida-desde-el-domingo","status":"publish","type":"post","link":"https:\/\/impactodenoticias.com.ar\/?p=6997","title":{"rendered":"Buscan intensamente a una mujer que se encuentra desaparecida desde el domingo"},"content":{"rendered":"\n<h3 class=\"wp-block-heading\">Las autoridades buscan a una mujer en los alrededores de Colonia Caracol, zona rural de General Campos, en el departamento San Salvador. Seg\u00fan se inform\u00f3, se habr\u00eda ausentado de su domicilio el mediod\u00eda del d\u00eda domingo.<\/h3>\n\n\n\n<p>Se trata de Norma Itat\u00ed Llama, de 47 a\u00f1os. Es de contextura robusta, mide 1,80 metros, con tez blanca, pelo casta\u00f1o corto, tiene una cicatriz de quemadura en su brazo izquierdo. Se desconoce la vestimenta que ten\u00eda al momento de ausentarse.<\/p>\n\n\n\n<p><\/p>\n\n\n\n<figure class=\"wp-block-image size-full\"><img loading=\"lazy\" decoding=\"async\" width=\"685\" height=\"666\" src=\"https:\/\/impactodenoticias.com.ar\/wp-content\/uploads\/2024\/11\/scrnli_THx1zoN1KF66tx.png\" alt=\"\" class=\"wp-image-6998\" srcset=\"https:\/\/impactodenoticias.com.ar\/wp-content\/uploads\/2024\/11\/scrnli_THx1zoN1KF66tx.png 685w, https:\/\/impactodenoticias.com.ar\/wp-content\/uploads\/2024\/11\/scrnli_THx1zoN1KF66tx-300x292.png 300w\" sizes=\"auto, (max-width: 685px) 100vw, 685px\" \/><\/figure>\n\n\n\n<p><\/p>\n\n\n\n<p>Desde el d\u00eda de la v\u00edspera y hasta las primeras horas de la fecha se la estuvo buscando en la Zona, con camionetas 4\u00d74 de Personal de Bomberos Voluntarios de Gral. Tambi\u00e9n se trabaj\u00f3 en su b\u00fasqueda caminando, ya que es un lugar intransitable y de extensa vegetaci\u00f3n. Se recorrieron taperas y distintas casas abandonadas, sin lograr encontrarla hasta el momento.<\/p>\n\n\n\n<p>Hoy se contin\u00faa con la b\u00fasqueda con personal de Montada y Canes, proveniente de la ciudad de Paran\u00e1 y personal de esta Jefatura Departamental San Salvador.<\/p>\n\n\n\n<p>Cualquier novedad que se conozca por parte de la ciudadan\u00eda, comunicarse al 101 \u2013 Tel. Gral. Campos 3456259492- Sala Comando Radioel\u00e9ctrico San Salvador Tel. 3434053589 o acercarse a la dependencia m\u00e1s cercana.<\/p>\n","protected":false},"excerpt":{"rendered":"<p>Las autoridades buscan a una mujer en los alrededores de Colonia Caracol, zona rural de General Campos, en el departamento San Salvador. Seg&uacute;n se inform&oacute;, se habr&iacute;a ausentado de su domicilio el mediod&iacute;a del d&iacute;a domingo. Se trata de Norma Itat&iacute; Llama, de 47 a&ntilde;os. Es de contextura robusta, mide 1,80 metros, con tez blanca, [&hellip;]<\/p>\n","protected":false},"author":2,"featured_media":6999,"comment_status":"open","ping_status":"open","sticky":false,"template":"","format":"standard","meta":{"footnotes":""},"categories":[8,4],"tags":[251,2942,315,2941,639],"class_list":["post-6997","post","type-post","status-publish","format-standard","has-post-thumbnail","hentry","category-policiales","category-provinciales","tag-busqueda","tag-colonia-caracol","tag-general-campos","tag-norma-itati-llama","tag-san-salvador"],"_links":{"self":[{"href":"https:\/\/impactodenoticias.com.ar\/index.php?rest_route=\/wp\/v2\/posts\/6997","targetHints":{"allow":["GET"]}}],"collection":[{"href":"https:\/\/impactodenoticias.com.ar\/index.php?rest_route=\/wp\/v2\/posts"}],"about":[{"href":"https:\/\/impactodenoticias.com.ar\/index.php?rest_route=\/wp\/v2\/types\/post"}],"author":[{"embeddable":true,"href":"https:\/\/impactodenoticias.com.ar\/index.php?rest_route=\/wp\/v2\/users\/2"}],"replies":[{"embeddable":true,"href":"https:\/\/impactodenoticias.com.ar\/index.php?rest_route=%2Fwp%2Fv2%2Fcomments&post=6997"}],"version-history":[{"count":1,"href":"https:\/\/impactodenoticias.com.ar\/index.php?rest_route=\/wp\/v2\/posts\/6997\/revisions"}],"predecessor-version":[{"id":7000,"href":"https:\/\/impactodenoticias.com.ar\/index.php?rest_route=\/wp\/v2\/posts\/6997\/revisions\/7000"}],"wp:featuredmedia":[{"embeddable":true,"href":"https:\/\/impactodenoticias.com.ar\/index.php?rest_route=\/wp\/v2\/media\/6999"}],"wp:attachment":[{"href":"https:\/\/impactodenoticias.com.ar\/index.php?rest_route=%2Fwp%2Fv2%2Fmedia&parent=6997"}],"wp:term":[{"taxonomy":"category","embeddable":true,"href":"https:\/\/impactodenoticias.com.ar\/index.php?rest_route=%2Fwp%2Fv2%2Fcategories&post=6997"},{"taxonomy":"post_tag","embeddable":true,"href":"https:\/\/impactodenoticias.com.ar\/index.php?rest_route=%2Fwp%2Fv2%2Ftags&post=6997"}],"curies":[{"name":"wp","href":"https:\/\/api.w.org\/{rel}","templated":true}]}}