{"id":7008,"date":"2024-11-12T10:00:18","date_gmt":"2024-11-12T13:00:18","guid":{"rendered":"https:\/\/impactodenoticias.com.ar\/?p=7008"},"modified":"2024-11-13T11:10:50","modified_gmt":"2024-11-13T14:10:50","slug":"sesiona-el-congreso-de-agmer-en-parana-y-se-vislumbra-cual-sera-la-definicion","status":"publish","type":"post","link":"https:\/\/impactodenoticias.com.ar\/?p=7008","title":{"rendered":"Sesiona el Congreso de Agmer en Paran\u00e1 y se vislumbra cual ser\u00e1 la definici\u00f3n"},"content":{"rendered":"\n<h3 class=\"wp-block-heading\">La decisi\u00f3n que se adoptar\u00e1 en esta jornada supondr\u00e1 un fin de ciclo lectivo 2024 sin medidas de fuerza. Lo mismo se dar\u00eda con el arranque de 2025, dado que la propuesta alcanza hasta el primer semestre de dicho a\u00f1o lectivo.<\/h3>\n\n\n\n<p>El congreso provincial de la Asociaci\u00f3n Gremial del Magisterio de Entre R\u00edos (Agmer), sesiona durante la jornada de hoy en Paran\u00e1. Afirman que la tendencia del mismo ya est\u00e1 definida, casi con seguridad se votar\u00e1 la aceptaci\u00f3n de la oferta salarial que el jueves 7 present\u00f3 el Gobierno en la reanudaci\u00f3n de la discusi\u00f3n paritaria salarial con los sindicatos docentes.<\/p>\n\n\n\n<p>La decisi\u00f3n supondr\u00e1 un fin de ciclo lectivo 2024 sin problemas, del mismo modo suceder\u00eda en el arranque de 2025, habida cuenta que la propuesta alcanza hasta el primer semestre de 2025.<\/p>\n\n\n\n<p>La aceptaci\u00f3n de la propuesta de aumento salarial por el congreso habilita a la reanudaci\u00f3n de la negociaci\u00f3n paritaria tras el cuarto intermedio que se abri\u00f3 el jueves.<\/p>\n\n\n\n<p>Luego del congreso de este martes, el mi\u00e9rcoles Gobierno y gremios de los maestros volver\u00e1n a sentarse en la Secretar\u00eda de Trabajo.<\/p>\n\n\n\n<p>Este lunes por la noche, al concluir las asambleas departamentales que traer\u00e1n los mandatos al congreso que se lleva adelante este martes en la sede de la seccional Paran\u00e1 de Agmer, los mandatos establecieron aceptaci\u00f3n.<\/p>\n\n\n\n<p>Los dirigentes aportaron una informaci\u00f3n adicional: la seccional anfitriona del congreso, Paran\u00e1, vot\u00f3 por la aceptaci\u00f3n de lo propuesto por el Gobierno.<\/p>\n\n\n\n<p>La propuesta del Poder Ejecutivo<\/p>\n\n\n\n<p>1- Con los haberes del mes de noviembre de 2024, se pagar\u00e1n las 2 cuotas de la recomposici\u00f3n del primer semestre (la segunda y la tercera cuota del 2,183% pendientes juntas, que suman el 4,366%).<\/p>\n\n\n\n<p>2- A partir de los sueldos correspondientes al mes de noviembre de 2024, se cambia la base de c\u00e1lculo al mes de octubre de 2024.<\/p>\n\n\n\n<p>3- Incremento salarial equivalente al \u00edndice de precios al consumidor (IPC) del mes inmediato anterior, a partir de los haberes del mes de enero de 2025 hasta junio de 2025.<\/p>\n\n\n\n<p>4- A partir de los haberes del mes de febrero de 2025, cambia la base de c\u00e1lculo a enero de 2025.<\/p>\n\n\n\n<p>5- Durante el mes de febrero de 2025, se pagar\u00e1 la diferencia del desfasaje producido entre las pautas salariales y la inflaci\u00f3n del segundo semestre de 2024.<\/p>\n\n\n\n<p>6- A partir del a\u00f1o 2025, se quita el tope de kilometraje establecido para el c\u00f3digo 029, que beneficia a los docentes que deben trasladarse de una ciudad a otra.<\/p>\n","protected":false},"excerpt":{"rendered":"<p>La decisi&oacute;n que se adoptar&aacute; en esta jornada supondr&aacute; un fin de ciclo lectivo 2024 sin medidas de fuerza. Lo mismo se dar&iacute;a con el arranque de 2025, dado que la propuesta alcanza hasta el primer semestre de dicho a&ntilde;o lectivo. El congreso provincial de la Asociaci&oacute;n Gremial del Magisterio de Entre R&iacute;os (Agmer), sesiona [&hellip;]<\/p>\n","protected":false},"author":2,"featured_media":7009,"comment_status":"open","ping_status":"open","sticky":false,"template":"","format":"standard","meta":{"footnotes":""},"categories":[91,4],"tags":[52,53,433,2947],"class_list":["post-7008","post","type-post","status-publish","format-standard","has-post-thumbnail","hentry","category-gremiales","category-provinciales","tag-agmer","tag-congreso","tag-gobierno","tag-sesiona"],"_links":{"self":[{"href":"https:\/\/impactodenoticias.com.ar\/index.php?rest_route=\/wp\/v2\/posts\/7008","targetHints":{"allow":["GET"]}}],"collection":[{"href":"https:\/\/impactodenoticias.com.ar\/index.php?rest_route=\/wp\/v2\/posts"}],"about":[{"href":"https:\/\/impactodenoticias.com.ar\/index.php?rest_route=\/wp\/v2\/types\/post"}],"author":[{"embeddable":true,"href":"https:\/\/impactodenoticias.com.ar\/index.php?rest_route=\/wp\/v2\/users\/2"}],"replies":[{"embeddable":true,"href":"https:\/\/impactodenoticias.com.ar\/index.php?rest_route=%2Fwp%2Fv2%2Fcomments&post=7008"}],"version-history":[{"count":1,"href":"https:\/\/impactodenoticias.com.ar\/index.php?rest_route=\/wp\/v2\/posts\/7008\/revisions"}],"predecessor-version":[{"id":7010,"href":"https:\/\/impactodenoticias.com.ar\/index.php?rest_route=\/wp\/v2\/posts\/7008\/revisions\/7010"}],"wp:featuredmedia":[{"embeddable":true,"href":"https:\/\/impactodenoticias.com.ar\/index.php?rest_route=\/wp\/v2\/media\/7009"}],"wp:attachment":[{"href":"https:\/\/impactodenoticias.com.ar\/index.php?rest_route=%2Fwp%2Fv2%2Fmedia&parent=7008"}],"wp:term":[{"taxonomy":"category","embeddable":true,"href":"https:\/\/impactodenoticias.com.ar\/index.php?rest_route=%2Fwp%2Fv2%2Fcategories&post=7008"},{"taxonomy":"post_tag","embeddable":true,"href":"https:\/\/impactodenoticias.com.ar\/index.php?rest_route=%2Fwp%2Fv2%2Ftags&post=7008"}],"curies":[{"name":"wp","href":"https:\/\/api.w.org\/{rel}","templated":true}]}}