{"id":7015,"date":"2024-11-12T10:24:22","date_gmt":"2024-11-12T13:24:22","guid":{"rendered":"https:\/\/impactodenoticias.com.ar\/?p=7015"},"modified":"2024-11-12T10:24:22","modified_gmt":"2024-11-12T13:24:22","slug":"este-miercoles-habra-una-nueva-recoleccion-de-medicamentos-vencidos-en-parana","status":"publish","type":"post","link":"https:\/\/impactodenoticias.com.ar\/?p=7015","title":{"rendered":"Este mi\u00e9rcoles habr\u00e1 una nueva recolecci\u00f3n de medicamentos vencidos en Paran\u00e1"},"content":{"rendered":"\n<p class=\"has-medium-font-size\"><strong>Ser\u00e1 de 9 a 12 en la Peatonal, Plaza Alvear y en centros de salud de la Municipalidad y la Provincia. Es una iniciativa del Municipio de Paran\u00e1 junto al Ministerio de Salud de Entre R\u00edos y el Colegio de Farmac\u00e9uticos, con la colaboraci\u00f3n de UADER.<\/strong><\/p>\n\n\n\n<p>Es la segunda recolecci\u00f3n de la campa\u00f1a anual de medicamentos vencidos domiciliarios 2024.<\/p>\n\n\n\n<p>El objetivo es \u201cvisibilizar y concientizar sobre la peligrosidad de tener medicamentos vencidos en los domicilios\u201d, afirm\u00f3 la secretaria de Salud, Claudia Enrique.<\/p>\n\n\n\n<p>Los vecinos y vecinas podr\u00e1n acercar: comprimidos, jarabes, \u00f3vulos y cremas vencidas a cualquiera de los seis centros de salud municipales; dos puntos de recepci\u00f3n (Peatonal San Mart\u00edn, frente a Plaza 1\u00b0 de Mayo; y Plaza Alvear, sobre calle Buenos Aires); centros de referencia como el Ram\u00f3n Carrillo, Arturo O\u00f1ativia (ex Corrales), Gerardo Domagk y el centro de salud Cecilia Grierson; adem\u00e1s de centros de salud provinciales, inform\u00f3 Enrique, quien aclar\u00f3 que \u201cno se recibir\u00e1n objetos punzantes (jeringa, aguja o bistur\u00ed) y tampoco nada de vidrio, gasas o pa\u00f1ales\u201d.<\/p>\n\n\n\n<p>La coordinadora de Asuntos Profesionales del Colegio de Farmac\u00e9uticos de Entre R\u00edos, Roxana Firenstein, pidi\u00f3 a la poblaci\u00f3n \u201cque revise los botiquines de los domicilios y lleve los medicamentos vencidos o en desuso\u201d, ya que \u201ces muy importante que se est\u00e9 al tanto de la recolecci\u00f3n, porque los medicamentos vencidos no se pueden tirar a la basura o por inodoro, porque contaminan el ecosistema y hay un grave problema de resistencia antimicrobiana\u201d.<\/p>\n\n\n\n<p>El vicedecano de la Facultad de Ciencias de la Vida y la Salud de la Universidad Aut\u00f3noma de Entre R\u00edos (Uader), Sergio Santa Mar\u00eda, indic\u00f3 que la casa de estudios detall\u00f3 que desde las c\u00e1tedras de Farmacolog\u00eda \u201cformar\u00e1n parte de la campa\u00f1a con el equipo docente y estudiantes, quienes se sumar\u00e1n difundiendo la importancia del correcto desecho de los medicamentos vencidos\u201d.<\/p>\n","protected":false},"excerpt":{"rendered":"<p>Ser&aacute; de 9 a 12 en la Peatonal, Plaza Alvear y en centros de salud de la Municipalidad y la Provincia. Es una iniciativa del Municipio de Paran&aacute; junto al Ministerio de Salud de Entre R&iacute;os y el Colegio de Farmac&eacute;uticos, con la colaboraci&oacute;n de UADER. Es la segunda recolecci&oacute;n de la campa&ntilde;a anual de [&hellip;]<\/p>\n","protected":false},"author":2,"featured_media":7016,"comment_status":"open","ping_status":"open","sticky":false,"template":"","format":"standard","meta":{"footnotes":""},"categories":[3,1902],"tags":[2949,1836,102,95,2948,2410,752,2559],"class_list":["post-7015","post","type-post","status-publish","format-standard","has-post-thumbnail","hentry","category-locales","category-municipales","tag-claudia-enrique","tag-medicamentos","tag-municipalidad","tag-parana","tag-plaza-alvear","tag-recoleccion","tag-uader","tag-vencidos"],"_links":{"self":[{"href":"https:\/\/impactodenoticias.com.ar\/index.php?rest_route=\/wp\/v2\/posts\/7015","targetHints":{"allow":["GET"]}}],"collection":[{"href":"https:\/\/impactodenoticias.com.ar\/index.php?rest_route=\/wp\/v2\/posts"}],"about":[{"href":"https:\/\/impactodenoticias.com.ar\/index.php?rest_route=\/wp\/v2\/types\/post"}],"author":[{"embeddable":true,"href":"https:\/\/impactodenoticias.com.ar\/index.php?rest_route=\/wp\/v2\/users\/2"}],"replies":[{"embeddable":true,"href":"https:\/\/impactodenoticias.com.ar\/index.php?rest_route=%2Fwp%2Fv2%2Fcomments&post=7015"}],"version-history":[{"count":1,"href":"https:\/\/impactodenoticias.com.ar\/index.php?rest_route=\/wp\/v2\/posts\/7015\/revisions"}],"predecessor-version":[{"id":7017,"href":"https:\/\/impactodenoticias.com.ar\/index.php?rest_route=\/wp\/v2\/posts\/7015\/revisions\/7017"}],"wp:featuredmedia":[{"embeddable":true,"href":"https:\/\/impactodenoticias.com.ar\/index.php?rest_route=\/wp\/v2\/media\/7016"}],"wp:attachment":[{"href":"https:\/\/impactodenoticias.com.ar\/index.php?rest_route=%2Fwp%2Fv2%2Fmedia&parent=7015"}],"wp:term":[{"taxonomy":"category","embeddable":true,"href":"https:\/\/impactodenoticias.com.ar\/index.php?rest_route=%2Fwp%2Fv2%2Fcategories&post=7015"},{"taxonomy":"post_tag","embeddable":true,"href":"https:\/\/impactodenoticias.com.ar\/index.php?rest_route=%2Fwp%2Fv2%2Ftags&post=7015"}],"curies":[{"name":"wp","href":"https:\/\/api.w.org\/{rel}","templated":true}]}}