{"id":7065,"date":"2024-11-13T11:39:59","date_gmt":"2024-11-13T14:39:59","guid":{"rendered":"https:\/\/impactodenoticias.com.ar\/?p=7065"},"modified":"2024-11-15T10:07:56","modified_gmt":"2024-11-15T13:07:56","slug":"ultimo-momento-casacion-confirmo-por-unanimidad-la-condena-a-6-anos-de-prision-a-cristina-kirchner","status":"publish","type":"post","link":"https:\/\/impactodenoticias.com.ar\/?p=7065","title":{"rendered":"\u00daLTIMO MOMENTO: Casaci\u00f3n confirm\u00f3 por unanimidad la condena a 6 a\u00f1os de prisi\u00f3n a Cristina Kirchner"},"content":{"rendered":"\n<h3 class=\"wp-block-heading\">La C\u00e1mara Federal de Casaci\u00f3n Penal confirm\u00f3 la sentencia por la causa \u00abVialidad\u00bb a la ex vicepresidenta en los tribunales de Retiro.<\/h3>\n\n\n\n<p>La C\u00e1mara Federal de Casaci\u00f3n Penal confirm\u00f3 hoy la condena a seis a\u00f1os de prisi\u00f3n a la ex presidenta Cristina Fern\u00e1ndez de Kirchner por \u00abadministraci\u00f3n fraudulenta\u00bb agravada y la inhabilitaci\u00f3n perpetua para ejercer cargos p\u00fablicos en la causa \u00abVialidad\u00bb, al dar a conocer la sentencia en los tribunales de Retiro.<\/p>\n\n\n\n<p>Noticia en desarrollo\u2026<\/p>\n","protected":false},"excerpt":{"rendered":"<p>La C&aacute;mara Federal de Casaci&oacute;n Penal confirm&oacute; la sentencia por la causa &laquo;Vialidad&raquo; a la ex vicepresidenta en los tribunales de Retiro. La C&aacute;mara Federal de Casaci&oacute;n Penal confirm&oacute; hoy la condena a seis a&ntilde;os de prisi&oacute;n a la ex presidenta Cristina Fern&aacute;ndez de Kirchner por &laquo;administraci&oacute;n fraudulenta&raquo; agravada y la inhabilitaci&oacute;n perpetua para ejercer [&hellip;]<\/p>\n","protected":false},"author":2,"featured_media":7066,"comment_status":"open","ping_status":"open","sticky":false,"template":"","format":"standard","meta":{"footnotes":""},"categories":[90,10],"tags":[2964,1982,30],"class_list":["post-7065","post","type-post","status-publish","format-standard","has-post-thumbnail","hentry","category-judicial","category-nacionales","tag-casacion","tag-condena","tag-cristina-kirchner"],"_links":{"self":[{"href":"https:\/\/impactodenoticias.com.ar\/index.php?rest_route=\/wp\/v2\/posts\/7065","targetHints":{"allow":["GET"]}}],"collection":[{"href":"https:\/\/impactodenoticias.com.ar\/index.php?rest_route=\/wp\/v2\/posts"}],"about":[{"href":"https:\/\/impactodenoticias.com.ar\/index.php?rest_route=\/wp\/v2\/types\/post"}],"author":[{"embeddable":true,"href":"https:\/\/impactodenoticias.com.ar\/index.php?rest_route=\/wp\/v2\/users\/2"}],"replies":[{"embeddable":true,"href":"https:\/\/impactodenoticias.com.ar\/index.php?rest_route=%2Fwp%2Fv2%2Fcomments&post=7065"}],"version-history":[{"count":1,"href":"https:\/\/impactodenoticias.com.ar\/index.php?rest_route=\/wp\/v2\/posts\/7065\/revisions"}],"predecessor-version":[{"id":7067,"href":"https:\/\/impactodenoticias.com.ar\/index.php?rest_route=\/wp\/v2\/posts\/7065\/revisions\/7067"}],"wp:featuredmedia":[{"embeddable":true,"href":"https:\/\/impactodenoticias.com.ar\/index.php?rest_route=\/wp\/v2\/media\/7066"}],"wp:attachment":[{"href":"https:\/\/impactodenoticias.com.ar\/index.php?rest_route=%2Fwp%2Fv2%2Fmedia&parent=7065"}],"wp:term":[{"taxonomy":"category","embeddable":true,"href":"https:\/\/impactodenoticias.com.ar\/index.php?rest_route=%2Fwp%2Fv2%2Fcategories&post=7065"},{"taxonomy":"post_tag","embeddable":true,"href":"https:\/\/impactodenoticias.com.ar\/index.php?rest_route=%2Fwp%2Fv2%2Ftags&post=7065"}],"curies":[{"name":"wp","href":"https:\/\/api.w.org\/{rel}","templated":true}]}}