{"id":7139,"date":"2024-11-15T09:49:11","date_gmt":"2024-11-15T12:49:11","guid":{"rendered":"https:\/\/impactodenoticias.com.ar\/?p=7139"},"modified":"2024-11-16T11:35:16","modified_gmt":"2024-11-16T14:35:16","slug":"tras-unificar-criterios-las-provincias-de-entre-rios-santa-fe-y-cordoba-solicitaran-los-mismos-documentos-a-conductores","status":"publish","type":"post","link":"https:\/\/impactodenoticias.com.ar\/?p=7139","title":{"rendered":"Tras unificar criterios las provincias de Entre R\u00edos, Santa Fe y C\u00f3rdoba solicitar\u00e1n los mismos documentos a conductores"},"content":{"rendered":"\n<h3 class=\"wp-block-heading\">La Mesa de Seguridad Vial de la Regi\u00f3n Centro rubric\u00f3 un acuerdo sobre la documentaci\u00f3n que van a requerir las camineras a los conductores. La decisi\u00f3n se tom\u00f3 en su primera reuni\u00f3n, llevada adelante este jueves.<\/h3>\n\n\n\n<p>Cual es la documentaci\u00f3n que ser\u00e1 requerida para viajar en rutas en Entre R\u00edos, Santa Fe y C\u00f3rdoba<\/p>\n\n\n\n<p>Los conductores deber\u00e1n exhibir la licencia de conducir en formato f\u00edsico, el DNI del conductor, la p\u00f3liza de seguro, la c\u00e9dula de identificaci\u00f3n del veh\u00edculo (tarjeta verde) y la RTO vigente (Revis\u00f3n T\u00e9cnica Vehicular), excepto Entre R\u00edos que no tiene este requisito como obligatorio.<\/p>\n\n\n\n<p>Sobre la RTO, el secretario de la Agencia Provincial de Seguridad Vial (APSV), Carlos Torres, asegur\u00f3: \u201cEs obligatoria para los veh\u00edculos registrados en C\u00f3rdoba y Santa Fe, no as\u00ed en Entre R\u00edos\u201d.<\/p>\n\n\n\n<p>\u201cEntonces, nos pusimos de acuerdo en que a los veh\u00edculos radicados en Entre R\u00edos, que pasen por la provincia de Santa Fe y de C\u00f3rdoba, no se les va a pedir la RTO, por razones obvias\u201d, destac\u00f3.<\/p>\n","protected":false},"excerpt":{"rendered":"<p>La Mesa de Seguridad Vial de la Regi&oacute;n Centro rubric&oacute; un acuerdo sobre la documentaci&oacute;n que van a requerir las camineras a los conductores. La decisi&oacute;n se tom&oacute; en su primera reuni&oacute;n, llevada adelante este jueves. Cual es la documentaci&oacute;n que ser&aacute; requerida para viajar en rutas en Entre R&iacute;os, Santa Fe y C&oacute;rdoba Los [&hellip;]<\/p>\n","protected":false},"author":2,"featured_media":7140,"comment_status":"open","ping_status":"open","sticky":false,"template":"","format":"standard","meta":{"footnotes":""},"categories":[8,4],"tags":[2992,2991,2993,2086,2471,33,1022,2457,78,536],"class_list":["post-7139","post","type-post","status-publish","format-standard","has-post-thumbnail","hentry","category-policiales","category-provinciales","tag-camineras","tag-centro","tag-conductores","tag-cordoba","tag-documentacion","tag-entre-rios","tag-mesa","tag-region","tag-santa-fe","tag-seguridad"],"_links":{"self":[{"href":"https:\/\/impactodenoticias.com.ar\/index.php?rest_route=\/wp\/v2\/posts\/7139","targetHints":{"allow":["GET"]}}],"collection":[{"href":"https:\/\/impactodenoticias.com.ar\/index.php?rest_route=\/wp\/v2\/posts"}],"about":[{"href":"https:\/\/impactodenoticias.com.ar\/index.php?rest_route=\/wp\/v2\/types\/post"}],"author":[{"embeddable":true,"href":"https:\/\/impactodenoticias.com.ar\/index.php?rest_route=\/wp\/v2\/users\/2"}],"replies":[{"embeddable":true,"href":"https:\/\/impactodenoticias.com.ar\/index.php?rest_route=%2Fwp%2Fv2%2Fcomments&post=7139"}],"version-history":[{"count":1,"href":"https:\/\/impactodenoticias.com.ar\/index.php?rest_route=\/wp\/v2\/posts\/7139\/revisions"}],"predecessor-version":[{"id":7141,"href":"https:\/\/impactodenoticias.com.ar\/index.php?rest_route=\/wp\/v2\/posts\/7139\/revisions\/7141"}],"wp:featuredmedia":[{"embeddable":true,"href":"https:\/\/impactodenoticias.com.ar\/index.php?rest_route=\/wp\/v2\/media\/7140"}],"wp:attachment":[{"href":"https:\/\/impactodenoticias.com.ar\/index.php?rest_route=%2Fwp%2Fv2%2Fmedia&parent=7139"}],"wp:term":[{"taxonomy":"category","embeddable":true,"href":"https:\/\/impactodenoticias.com.ar\/index.php?rest_route=%2Fwp%2Fv2%2Fcategories&post=7139"},{"taxonomy":"post_tag","embeddable":true,"href":"https:\/\/impactodenoticias.com.ar\/index.php?rest_route=%2Fwp%2Fv2%2Ftags&post=7139"}],"curies":[{"name":"wp","href":"https:\/\/api.w.org\/{rel}","templated":true}]}}