{"id":7145,"date":"2024-11-15T10:17:48","date_gmt":"2024-11-15T13:17:48","guid":{"rendered":"https:\/\/impactodenoticias.com.ar\/?p=7145"},"modified":"2024-11-16T11:35:08","modified_gmt":"2024-11-16T14:35:08","slug":"la-municipalidad-de-parana-se-suma-a-la-noche-de-los-museos-entrerrianos","status":"publish","type":"post","link":"https:\/\/impactodenoticias.com.ar\/?p=7145","title":{"rendered":"La Municipalidad de Paran\u00e1 se suma a La Noche de los Museos Entrerrianos"},"content":{"rendered":"\n<h3 class=\"wp-block-heading\">Ser\u00e1 este viernes 15 de noviembre a partir de las 18 con la participaci\u00f3n de ocho espacios que dependen del Municipio. Todas las actividades son libres y gratuitas.<\/h3>\n\n\n\n<p><strong>El detalle de las actividades es el siguiente:<\/strong><\/p>\n\n\n\n<p><strong>Museo de la Ciudad C\u00e9sar Blas P\u00e9rez Colman<\/strong><\/p>\n\n\n\n<p>Buenos Aires 226<\/p>\n\n\n\n<p>20:30 horas<\/p>\n\n\n\n<p>\u201cUn cumplea\u00f1os muy especial\u2026\u201d: Celebraci\u00f3n de los 25 a\u00f1os de Dolores Costa, con la participaci\u00f3n del Vestuario Municipal Teatral \u2102aranday de la ciudad de Maci\u00e1 y de la Sastrer\u00eda Municipal de la ciudad de Paran\u00e1.<\/p>\n\n\n\n<p><strong>Biblioteca Municipal y Biblioteca Popular<\/strong><\/p>\n\n\n\n<p>Buenos Aires 256<\/p>\n\n\n\n<p>21 horas<\/p>\n\n\n\n<p>-Espacio de arte y juegos para las infancias.<\/p>\n\n\n\n<p>-Narraciones de cuentos con el Grupo \u201cAbrazos\u201d: Eli Rossa, \u00c9lida Sola, Graciela Peretti y Rita Dellacqua.<\/p>\n\n\n\n<p>-Sala de lectura<\/p>\n\n\n\n<p><strong>Museo Puerto de la Memoria<\/strong><\/p>\n\n\n\n<p>Av. Estrada y Asturias<\/p>\n\n\n\n<p>18 horas<\/p>\n\n\n\n<p>-Exposici\u00f3n de arte y entrega de certificados; con infancias y familias del Taller creativo \u201cNosotros los del puerto\u201d<\/p>\n\n\n\n<p>19 horas<\/p>\n\n\n\n<p>-Encuentro de Rap y freestyle \u00abPuerto Viejo\u201d<\/p>\n\n\n\n<p>-Micr\u00f3fono abierto<\/p>\n\n\n\n<p>Participaci\u00f3n Especial de Rase \/ Mario mc\/ Zurdito \/ Maga TMC \/Jay Scarred \/ Gonesty \/ DioGee \/ Actual \/Gast\u00f3n Fonk \/ DEsiD\u00e9E \/ Lucia Godoy \/ Juan Emanuel Corvalan<\/p>\n\n\n\n<p>-Mural Colectivo en tiza para infancias<\/p>\n\n\n\n<p><strong>Palacio Municipal<\/strong><\/p>\n\n\n\n<p>Urquiza y Corrientes<\/p>\n\n\n\n<p>20 horas<\/p>\n\n\n\n<p>-Inauguraci\u00f3n Muestra Fotogr\u00e1fica \u201cParan\u00e1: quimeras atemporales\u2026\u201d<\/p>\n\n\n\n<p>Con la mediaci\u00f3n del periodista David C\u00f3rdoba<\/p>\n\n\n\n<p>-Taller de Canto Coral \u00abParan\u00e1 con Voz\u00bb. Director del coro: Marcelo Vargas<\/p>\n\n\n\n<p>(Coro de la Biblioteca Caminantes, Barrio AATRA y Barrio Jardines del Sur).<\/p>\n\n\n\n<p><strong>Concejo Deliberante de Paran\u00e1 &#8211; Recinto de Sesiones<\/strong><\/p>\n\n\n\n<p>Urquiza y Corrientes &#8211; 2do. piso<\/p>\n\n\n\n<p>19 y 20 horas<\/p>\n\n\n\n<p>Visitas guiadas con la intervenci\u00f3n art\u00edstica de Carmen Alday.<\/p>\n\n\n\n<p>Sal\u00f3n Mariano Moreno<\/p>\n\n\n\n<p>Andr\u00e9s Pazos y Corrientes<\/p>\n\n\n\n<p>18 horas<\/p>\n\n\n\n<p>-Muestra de la Artista Pl\u00e1stica Ana Mari Garello.<\/p>\n\n\n\n<p>-Recorrido hist\u00f3rico.<\/p>\n\n\n\n<p>-Intervenciones a cargo de Ezequiel Caridad.<\/p>\n\n\n\n<p>21:30 horas<\/p>\n\n\n\n<p>Recital de Jazz a cargo de Courreges Jazz Quartet<\/p>\n\n\n\n<p><strong>Cementerio Municipal de la Sant\u00edsima Trinidad<\/strong><\/p>\n\n\n\n<p>Per\u00fa al final<\/p>\n\n\n\n<p>21 horas<\/p>\n\n\n\n<p>Recorridos hist\u00f3ricos por el Cementerio a la luz de la luna<\/p>\n\n\n\n<p>Descubriremos las diferentes tipolog\u00edas de los sepulcros, los s\u00edmbolos que los ornamentan y las personalidades que all\u00ed descansan. Mediado por Lic. Javier Murchio.<\/p>\n\n\n\n<p>\u00a1No olvides llevar tu linterna!<\/p>\n\n\n\n<p><strong>Teatro Municipal 3 de Febrero<\/strong><\/p>\n\n\n\n<p>25 de junio 54<\/p>\n\n\n\n<p>18 horas<\/p>\n\n\n\n<p>Visita guiada por el patrimonio hist\u00f3rico.<\/p>\n\n\n\n<p><\/p>\n\n\n\n<figure class=\"wp-block-image size-full\"><img loading=\"lazy\" decoding=\"async\" width=\"760\" height=\"427\" src=\"https:\/\/impactodenoticias.com.ar\/wp-content\/uploads\/2024\/11\/773b4cef858ea867a395f19a96dee93a.jpg\" alt=\"\" class=\"wp-image-7147\" srcset=\"https:\/\/impactodenoticias.com.ar\/wp-content\/uploads\/2024\/11\/773b4cef858ea867a395f19a96dee93a.jpg 760w, https:\/\/impactodenoticias.com.ar\/wp-content\/uploads\/2024\/11\/773b4cef858ea867a395f19a96dee93a-300x169.jpg 300w\" sizes=\"auto, (max-width: 760px) 100vw, 760px\" \/><\/figure>\n","protected":false},"excerpt":{"rendered":"<p>Ser&aacute; este viernes 15 de noviembre a partir de las 18 con la participaci&oacute;n de ocho espacios que dependen del Municipio. Todas las actividades son libres y gratuitas. El detalle de las actividades es el siguiente: Museo de la Ciudad C&eacute;sar Blas P&eacute;rez Colman Buenos Aires 226 20:30 horas &ldquo;Un cumplea&ntilde;os muy especial&hellip;&rdquo;: Celebraci&oacute;n de [&hellip;]<\/p>\n","protected":false},"author":2,"featured_media":7146,"comment_status":"open","ping_status":"open","sticky":false,"template":"","format":"standard","meta":{"footnotes":""},"categories":[3,1902],"tags":[646,102,2995,2994,95],"class_list":["post-7145","post","type-post","status-publish","format-standard","has-post-thumbnail","hentry","category-locales","category-municipales","tag-entrerrianos","tag-municipalidad","tag-museos","tag-noche","tag-parana"],"_links":{"self":[{"href":"https:\/\/impactodenoticias.com.ar\/index.php?rest_route=\/wp\/v2\/posts\/7145","targetHints":{"allow":["GET"]}}],"collection":[{"href":"https:\/\/impactodenoticias.com.ar\/index.php?rest_route=\/wp\/v2\/posts"}],"about":[{"href":"https:\/\/impactodenoticias.com.ar\/index.php?rest_route=\/wp\/v2\/types\/post"}],"author":[{"embeddable":true,"href":"https:\/\/impactodenoticias.com.ar\/index.php?rest_route=\/wp\/v2\/users\/2"}],"replies":[{"embeddable":true,"href":"https:\/\/impactodenoticias.com.ar\/index.php?rest_route=%2Fwp%2Fv2%2Fcomments&post=7145"}],"version-history":[{"count":1,"href":"https:\/\/impactodenoticias.com.ar\/index.php?rest_route=\/wp\/v2\/posts\/7145\/revisions"}],"predecessor-version":[{"id":7148,"href":"https:\/\/impactodenoticias.com.ar\/index.php?rest_route=\/wp\/v2\/posts\/7145\/revisions\/7148"}],"wp:featuredmedia":[{"embeddable":true,"href":"https:\/\/impactodenoticias.com.ar\/index.php?rest_route=\/wp\/v2\/media\/7146"}],"wp:attachment":[{"href":"https:\/\/impactodenoticias.com.ar\/index.php?rest_route=%2Fwp%2Fv2%2Fmedia&parent=7145"}],"wp:term":[{"taxonomy":"category","embeddable":true,"href":"https:\/\/impactodenoticias.com.ar\/index.php?rest_route=%2Fwp%2Fv2%2Fcategories&post=7145"},{"taxonomy":"post_tag","embeddable":true,"href":"https:\/\/impactodenoticias.com.ar\/index.php?rest_route=%2Fwp%2Fv2%2Ftags&post=7145"}],"curies":[{"name":"wp","href":"https:\/\/api.w.org\/{rel}","templated":true}]}}