{"id":716,"date":"2024-07-03T10:15:01","date_gmt":"2024-07-03T13:15:01","guid":{"rendered":"https:\/\/impactodenoticias.com.ar\/?p=716"},"modified":"2024-07-03T10:15:02","modified_gmt":"2024-07-03T13:15:02","slug":"tiempo-en-entre-rios-el-arribo-del-viento-del-sur-producira-una-nueva-baja-de-las-temperaturas-en-todo-el-territorio-provincial","status":"publish","type":"post","link":"https:\/\/impactodenoticias.com.ar\/?p=716","title":{"rendered":"Tiempo en Entre R\u00edos: el arribo del viento del sur producir\u00e1 una nueva baja de las temperaturas en todo el territorio provincial"},"content":{"rendered":"\n<p><strong>Despu\u00e9s de la jornada casi primaveral del martes, durante este mi\u00e9rcoles con el viento del sur, avanza un nuevo pulso de aire fr\u00edo polar. Las bajas temperaturas retornar\u00e1n en los pr\u00f3ximos d\u00edas en Entre R\u00edos.<\/strong><\/p>\n\n\n\n<p>A partir de este mi\u00e9rcoles, el viento del sector sur provocar\u00e1 un progresivo descenso de los registros t\u00e9rmicos, alcanzando su momento m\u00ednimo el viernes por la ma\u00f1ana.<\/p>\n\n\n\n<p>Para hoy en Entre R\u00edos, con cielo se encuentra mayormente nublado, se espera una marca m\u00e1xima de 17 grados.<\/p>\n\n\n\n<p>El jueves se sentir\u00e1 aun m\u00e1s el descenso, durante la madrugada en la que se pronostican 4 grados y a la tarde no se superar\u00edan los 16.<\/p>\n\n\n\n<p>Las fuertes heladas ser\u00e1n las protagonistas a partir del viernes, para cuando se pronostican m\u00ednimas que estar\u00e1n bajo cero en algunas zonas de Entre R\u00edos, mientras que las m\u00e1ximas rondar\u00edan los 12 grados, con cielo parcialmente nublado.<\/p>\n\n\n\n<p>Los d\u00edas helados seguir\u00edan con temperaturas similares durante todo el fin de semana, por lo cual esta ola de fr\u00edo polar ser\u00eda m\u00e1s extensa que la anterior.<\/p>\n\n\n\n<p><strong>Clima en las ciudades entrerrianas<\/strong><\/p>\n\n\n\n<p><\/p>\n\n\n\n<figure class=\"wp-block-image size-full\"><img loading=\"lazy\" decoding=\"async\" width=\"682\" height=\"556\" src=\"https:\/\/impactodenoticias.com.ar\/wp-content\/uploads\/2024\/07\/scrnli_3_7_2024_10-13-53.png\" alt=\"\" class=\"wp-image-717\" srcset=\"https:\/\/impactodenoticias.com.ar\/wp-content\/uploads\/2024\/07\/scrnli_3_7_2024_10-13-53.png 682w, https:\/\/impactodenoticias.com.ar\/wp-content\/uploads\/2024\/07\/scrnli_3_7_2024_10-13-53-300x245.png 300w\" sizes=\"auto, (max-width: 682px) 100vw, 682px\" \/><\/figure>\n","protected":false},"excerpt":{"rendered":"<p>Despu&eacute;s de la jornada casi primaveral del martes, durante este mi&eacute;rcoles con el viento del sur, avanza un nuevo pulso de aire fr&iacute;o polar. Las bajas temperaturas retornar&aacute;n en los pr&oacute;ximos d&iacute;as en Entre R&iacute;os. A partir de este mi&eacute;rcoles, el viento del sector sur provocar&aacute; un progresivo descenso de los registros t&eacute;rmicos, alcanzando su [&hellip;]<\/p>\n","protected":false},"author":2,"featured_media":718,"comment_status":"open","ping_status":"open","sticky":false,"template":"","format":"standard","meta":{"footnotes":""},"categories":[4,49],"tags":[38,33],"class_list":["post-716","post","type-post","status-publish","format-standard","has-post-thumbnail","hentry","category-provinciales","category-sociedad","tag-clima","tag-entre-rios"],"_links":{"self":[{"href":"https:\/\/impactodenoticias.com.ar\/index.php?rest_route=\/wp\/v2\/posts\/716","targetHints":{"allow":["GET"]}}],"collection":[{"href":"https:\/\/impactodenoticias.com.ar\/index.php?rest_route=\/wp\/v2\/posts"}],"about":[{"href":"https:\/\/impactodenoticias.com.ar\/index.php?rest_route=\/wp\/v2\/types\/post"}],"author":[{"embeddable":true,"href":"https:\/\/impactodenoticias.com.ar\/index.php?rest_route=\/wp\/v2\/users\/2"}],"replies":[{"embeddable":true,"href":"https:\/\/impactodenoticias.com.ar\/index.php?rest_route=%2Fwp%2Fv2%2Fcomments&post=716"}],"version-history":[{"count":1,"href":"https:\/\/impactodenoticias.com.ar\/index.php?rest_route=\/wp\/v2\/posts\/716\/revisions"}],"predecessor-version":[{"id":719,"href":"https:\/\/impactodenoticias.com.ar\/index.php?rest_route=\/wp\/v2\/posts\/716\/revisions\/719"}],"wp:featuredmedia":[{"embeddable":true,"href":"https:\/\/impactodenoticias.com.ar\/index.php?rest_route=\/wp\/v2\/media\/718"}],"wp:attachment":[{"href":"https:\/\/impactodenoticias.com.ar\/index.php?rest_route=%2Fwp%2Fv2%2Fmedia&parent=716"}],"wp:term":[{"taxonomy":"category","embeddable":true,"href":"https:\/\/impactodenoticias.com.ar\/index.php?rest_route=%2Fwp%2Fv2%2Fcategories&post=716"},{"taxonomy":"post_tag","embeddable":true,"href":"https:\/\/impactodenoticias.com.ar\/index.php?rest_route=%2Fwp%2Fv2%2Ftags&post=716"}],"curies":[{"name":"wp","href":"https:\/\/api.w.org\/{rel}","templated":true}]}}