{"id":7172,"date":"2024-11-16T10:40:27","date_gmt":"2024-11-16T13:40:27","guid":{"rendered":"https:\/\/impactodenoticias.com.ar\/?p=7172"},"modified":"2024-11-16T10:40:27","modified_gmt":"2024-11-16T13:40:27","slug":"un-hombre-fallecio-tras-protagonizar-un-choque-con-su-camioneta-en-una-avenida-de-parana","status":"publish","type":"post","link":"https:\/\/impactodenoticias.com.ar\/?p=7172","title":{"rendered":"Un hombre falleci\u00f3 tras protagonizar un choque con su camioneta en una avenida de Paran\u00e1"},"content":{"rendered":"\n<h3 class=\"wp-block-heading\">El conductor de 62 a\u00f1os habr\u00eda sufrido una descompensaci\u00f3n card\u00edaca que lo hizo perder el control del veh\u00edculo. Fue trasladado de urgencia al hospital, donde a pesar de los esfuerzos hab\u00eda llegado sin vida.<\/h3>\n\n\n\n<p>Un hombre de 62 a\u00f1os muri\u00f3 este viernes por la noche -despues de embestir varios veh\u00edculos a bordo de su utilitario-, en la esquina de Avenida Ram\u00edrez y La Paz de Paran\u00e1. Se presume que habr\u00eda sufrido un problema card\u00edaco que le hizo perder el control del veh\u00edculo.<\/p>\n\n\n\n<p>El hombre circulaba en una camioneta Fiat Torino. Al descompensarse habr\u00eda impactado primero contra un colectivo y luego contra dos autos. Cuando lleg\u00f3 la Polic\u00eda lo encontr\u00f3 inconsciente. Fue trasladado de urgencia al hospital San Mart\u00edn pero no lamentablemente no sobrevivi\u00f3.<\/p>\n\n\n\n<p>El accidente vial, sucedi\u00f3 cerca las 22 de este viernes. Seg\u00fan el reporte policial, la camioneta colision\u00f3 primero en el lateral izquierdo trasero a un colectivo, continu\u00f3 su trayecto y choc\u00f3 contra un segundo veh\u00edculo: un Fiat Linea, que conducido por un hombrede 31 a\u00f1os.<\/p>\n\n\n\n<p>La Fiorino sigui\u00f3 en marcha y termin\u00f3 impactando un tercer veh\u00edculo, que se encontraba estacionado: un Honda CRV.<\/p>\n\n\n\n<p>Al encontrarlo desvanecido, los efectivos policiales de la comisar\u00eda Segunda que llegaron al lugar le practicaron Reanimaci\u00f3n Cardio-Pulmonar (RCP). Fue trasladado en ambulancia hacia el Hospital, donde informaron que ingres\u00f3 sin vida.<\/p>\n\n\n\n<p>En el lugar del accidente trabaj\u00f3 con pericias personal de Criminalistica y Accidentologia Vial, y el cuerpo fue trasladado a la Morgue Judicial de Oro Verde para la autopsia.<\/p>\n\n\n\n<p>Seg\u00fan informaron familiares del fallecido, el hombre tenia hipertensi\u00f3n arterial y diabetes.<\/p>\n","protected":false},"excerpt":{"rendered":"<p>El conductor de 62 a&ntilde;os habr&iacute;a sufrido una descompensaci&oacute;n card&iacute;aca que lo hizo perder el control del veh&iacute;culo. Fue trasladado de urgencia al hospital, donde a pesar de los esfuerzos hab&iacute;a llegado sin vida. Un hombre de 62 a&ntilde;os muri&oacute; este viernes por la noche -despues de embestir varios veh&iacute;culos a bordo de su utilitario-, [&hellip;]<\/p>\n","protected":false},"author":2,"featured_media":7173,"comment_status":"open","ping_status":"open","sticky":false,"template":"","format":"standard","meta":{"footnotes":""},"categories":[3,8],"tags":[1358,652,146,237,95],"class_list":["post-7172","post","type-post","status-publish","format-standard","has-post-thumbnail","hentry","category-locales","category-policiales","tag-autos","tag-choque","tag-hombre","tag-murio","tag-parana"],"_links":{"self":[{"href":"https:\/\/impactodenoticias.com.ar\/index.php?rest_route=\/wp\/v2\/posts\/7172","targetHints":{"allow":["GET"]}}],"collection":[{"href":"https:\/\/impactodenoticias.com.ar\/index.php?rest_route=\/wp\/v2\/posts"}],"about":[{"href":"https:\/\/impactodenoticias.com.ar\/index.php?rest_route=\/wp\/v2\/types\/post"}],"author":[{"embeddable":true,"href":"https:\/\/impactodenoticias.com.ar\/index.php?rest_route=\/wp\/v2\/users\/2"}],"replies":[{"embeddable":true,"href":"https:\/\/impactodenoticias.com.ar\/index.php?rest_route=%2Fwp%2Fv2%2Fcomments&post=7172"}],"version-history":[{"count":1,"href":"https:\/\/impactodenoticias.com.ar\/index.php?rest_route=\/wp\/v2\/posts\/7172\/revisions"}],"predecessor-version":[{"id":7174,"href":"https:\/\/impactodenoticias.com.ar\/index.php?rest_route=\/wp\/v2\/posts\/7172\/revisions\/7174"}],"wp:featuredmedia":[{"embeddable":true,"href":"https:\/\/impactodenoticias.com.ar\/index.php?rest_route=\/wp\/v2\/media\/7173"}],"wp:attachment":[{"href":"https:\/\/impactodenoticias.com.ar\/index.php?rest_route=%2Fwp%2Fv2%2Fmedia&parent=7172"}],"wp:term":[{"taxonomy":"category","embeddable":true,"href":"https:\/\/impactodenoticias.com.ar\/index.php?rest_route=%2Fwp%2Fv2%2Fcategories&post=7172"},{"taxonomy":"post_tag","embeddable":true,"href":"https:\/\/impactodenoticias.com.ar\/index.php?rest_route=%2Fwp%2Fv2%2Ftags&post=7172"}],"curies":[{"name":"wp","href":"https:\/\/api.w.org\/{rel}","templated":true}]}}