{"id":7175,"date":"2024-11-16T10:52:03","date_gmt":"2024-11-16T13:52:03","guid":{"rendered":"https:\/\/impactodenoticias.com.ar\/?p=7175"},"modified":"2024-11-16T10:55:59","modified_gmt":"2024-11-16T13:55:59","slug":"tres-delincuentes-fueron-arrestados-tras-asaltar-un-supermercado-en-parana-a-punta-de-escopeta","status":"publish","type":"post","link":"https:\/\/impactodenoticias.com.ar\/?p=7175","title":{"rendered":"Tres delincuentes fueron arrestados tras asaltar un supermercado en Paran\u00e1 a punta de escopeta"},"content":{"rendered":"\n<p class=\"has-medium-font-size\"><strong>Est\u00e1n acusados del robo a mano armada. El hecho ocurri\u00f3 este viernes en un supermercado ubicado en calle Soldado Bord\u00f3n.<\/strong><\/p>\n\n\n\n<p>Tres delincuentes fueron detenidos por haber realizado un robo calificado por el uso de arma de fuego este viernes en un supermercado ubicado en calle Soldado Bord\u00f3n y El Cha\u00f1ar, en la zona sudeste de Paran\u00e1.<\/p>\n\n\n\n<p>La Polic\u00eda se apoy\u00f3 en aportes de testigos presenciales y registros de c\u00e1maras de seguridad para identificar a los autores. Por orden de la Fiscal\u00eda se hicieron dos allanamientos en el barrio 98 Viviendas, espec\u00edficamente en calle Soldado Bord\u00f3n.<\/p>\n\n\n\n<p>En dicho operativo resultaron detenidos tres j\u00f3venes sindicados como autores del asalto y se secuestraron dos armas: una escopeta recortada calibre 28 y una r\u00e9plica de arma de fuego calibre 9 mil\u00edmetros de gas comprimido, que hab\u00edan sido usadas en el robo, seg\u00fan detectaron las c\u00e1maras.<\/p>\n\n\n\n<p>Se hallaron adem\u00e1s posibles elemenos utilizados en el asalto, relacionados con la vestimenta y se secuestr\u00f3 una campera observada en el registro f\u00edlmico que qued\u00f3 del hecho.<\/p>\n\n\n\n<p>De acuerdo con lo dispuesto por la Fiscal\u00eda, se traslad\u00f3 a los tres sujetosa la Alcaid\u00eda de Tribunales.<\/p>\n","protected":false},"excerpt":{"rendered":"<p>Est&aacute;n acusados del robo a mano armada. El hecho ocurri&oacute; este viernes en un supermercado ubicado en calle Soldado Bord&oacute;n. Tres delincuentes fueron detenidos por haber realizado un robo calificado por el uso de arma de fuego este viernes en un supermercado ubicado en calle Soldado Bord&oacute;n y El Cha&ntilde;ar, en la zona sudeste de [&hellip;]<\/p>\n","protected":false},"author":2,"featured_media":7176,"comment_status":"open","ping_status":"open","sticky":false,"template":"","format":"standard","meta":{"footnotes":""},"categories":[3,8],"tags":[1028,1144,138,95,2452],"class_list":["post-7175","post","type-post","status-publish","format-standard","has-post-thumbnail","hentry","category-locales","category-policiales","tag-armas","tag-asalto","tag-detenidos","tag-parana","tag-supermercado"],"_links":{"self":[{"href":"https:\/\/impactodenoticias.com.ar\/index.php?rest_route=\/wp\/v2\/posts\/7175","targetHints":{"allow":["GET"]}}],"collection":[{"href":"https:\/\/impactodenoticias.com.ar\/index.php?rest_route=\/wp\/v2\/posts"}],"about":[{"href":"https:\/\/impactodenoticias.com.ar\/index.php?rest_route=\/wp\/v2\/types\/post"}],"author":[{"embeddable":true,"href":"https:\/\/impactodenoticias.com.ar\/index.php?rest_route=\/wp\/v2\/users\/2"}],"replies":[{"embeddable":true,"href":"https:\/\/impactodenoticias.com.ar\/index.php?rest_route=%2Fwp%2Fv2%2Fcomments&post=7175"}],"version-history":[{"count":2,"href":"https:\/\/impactodenoticias.com.ar\/index.php?rest_route=\/wp\/v2\/posts\/7175\/revisions"}],"predecessor-version":[{"id":7178,"href":"https:\/\/impactodenoticias.com.ar\/index.php?rest_route=\/wp\/v2\/posts\/7175\/revisions\/7178"}],"wp:featuredmedia":[{"embeddable":true,"href":"https:\/\/impactodenoticias.com.ar\/index.php?rest_route=\/wp\/v2\/media\/7176"}],"wp:attachment":[{"href":"https:\/\/impactodenoticias.com.ar\/index.php?rest_route=%2Fwp%2Fv2%2Fmedia&parent=7175"}],"wp:term":[{"taxonomy":"category","embeddable":true,"href":"https:\/\/impactodenoticias.com.ar\/index.php?rest_route=%2Fwp%2Fv2%2Fcategories&post=7175"},{"taxonomy":"post_tag","embeddable":true,"href":"https:\/\/impactodenoticias.com.ar\/index.php?rest_route=%2Fwp%2Fv2%2Ftags&post=7175"}],"curies":[{"name":"wp","href":"https:\/\/api.w.org\/{rel}","templated":true}]}}