{"id":7211,"date":"2024-11-17T11:18:42","date_gmt":"2024-11-17T14:18:42","guid":{"rendered":"https:\/\/impactodenoticias.com.ar\/?p=7211"},"modified":"2024-11-17T11:23:27","modified_gmt":"2024-11-17T14:23:27","slug":"hallaron-el-cuerpo-de-joven-que-era-intensamente-buscado-en-el-rio-uruguay","status":"publish","type":"post","link":"https:\/\/impactodenoticias.com.ar\/?p=7211","title":{"rendered":"Hallaron el cuerpo de joven que era intensamente buscado en el R\u00edo Uruguay"},"content":{"rendered":"\n<h3 class=\"wp-block-heading\">Ten\u00eda 23 a\u00f1os y hab\u00eda sido arrastrado por el agua el jueves, cuando trabajaba junto a otros dos operarios en una obra de fibra \u00f3ptica, e ingresaron al r\u00edo para refrescarse en el r\u00edo.<\/h3>\n\n\n\n<p>El cuerpo de Joaqu\u00edn Pi\u00f1ero, oriundo de Buenos Aires y quien hab\u00eda desaparecido en el r\u00edo Uruguay a la altura del kil\u00f3metro 312 en la zona de Puerto Yeru\u00e1, fue hallado en las \u00faltimas horas.<br><br>Fuentes del caso precisaron que el hallazgo se logr\u00f3 en la zona de b\u00fasqueda donde se encontraba trabajando el personal de Prefectura Naval e inmediatamente se puso en conocimiento a la fiscal Julia Rivoira.<br><br>Cabe recordar que el tr\u00e1gico incidente sucedi\u00f1o el jueves 14 por la tarde, en Puerto Yeru\u00e1, cuando tres hombres originarios de Buenos Aires que se encontraban trabajando en la instalaci\u00f3n de fibra \u00f3ptica en las caba\u00f1as de la costa local, pero fueron arrastrados por las aguas del r\u00edo tras ingresar para refrescarse en la rambla del lugar.<br><br>Dos trabajadores lograron ser rescatados, mientras que el joven de 23 a\u00f1os se encontraba desaparecido hasta la jornada de este s\u00e1bado.<\/p>\n","protected":false},"excerpt":{"rendered":"<p>Ten&iacute;a 23 a&ntilde;os y hab&iacute;a sido arrastrado por el agua el jueves, cuando trabajaba junto a otros dos operarios en una obra de fibra &oacute;ptica, e ingresaron al r&iacute;o para refrescarse en el r&iacute;o. El cuerpo de Joaqu&iacute;n Pi&ntilde;ero, oriundo de Buenos Aires y quien hab&iacute;a desaparecido en el r&iacute;o Uruguay a la altura del [&hellip;]<\/p>\n","protected":false},"author":2,"featured_media":7212,"comment_status":"open","ping_status":"open","sticky":false,"template":"","format":"standard","meta":{"footnotes":""},"categories":[8,4],"tags":[260,3018,137,675,2497],"class_list":["post-7211","post","type-post","status-publish","format-standard","has-post-thumbnail","hentry","category-policiales","category-provinciales","tag-cuerpo","tag-hallaron","tag-joven","tag-puerto-yerua","tag-rio"],"_links":{"self":[{"href":"https:\/\/impactodenoticias.com.ar\/index.php?rest_route=\/wp\/v2\/posts\/7211","targetHints":{"allow":["GET"]}}],"collection":[{"href":"https:\/\/impactodenoticias.com.ar\/index.php?rest_route=\/wp\/v2\/posts"}],"about":[{"href":"https:\/\/impactodenoticias.com.ar\/index.php?rest_route=\/wp\/v2\/types\/post"}],"author":[{"embeddable":true,"href":"https:\/\/impactodenoticias.com.ar\/index.php?rest_route=\/wp\/v2\/users\/2"}],"replies":[{"embeddable":true,"href":"https:\/\/impactodenoticias.com.ar\/index.php?rest_route=%2Fwp%2Fv2%2Fcomments&post=7211"}],"version-history":[{"count":2,"href":"https:\/\/impactodenoticias.com.ar\/index.php?rest_route=\/wp\/v2\/posts\/7211\/revisions"}],"predecessor-version":[{"id":7214,"href":"https:\/\/impactodenoticias.com.ar\/index.php?rest_route=\/wp\/v2\/posts\/7211\/revisions\/7214"}],"wp:featuredmedia":[{"embeddable":true,"href":"https:\/\/impactodenoticias.com.ar\/index.php?rest_route=\/wp\/v2\/media\/7212"}],"wp:attachment":[{"href":"https:\/\/impactodenoticias.com.ar\/index.php?rest_route=%2Fwp%2Fv2%2Fmedia&parent=7211"}],"wp:term":[{"taxonomy":"category","embeddable":true,"href":"https:\/\/impactodenoticias.com.ar\/index.php?rest_route=%2Fwp%2Fv2%2Fcategories&post=7211"},{"taxonomy":"post_tag","embeddable":true,"href":"https:\/\/impactodenoticias.com.ar\/index.php?rest_route=%2Fwp%2Fv2%2Ftags&post=7211"}],"curies":[{"name":"wp","href":"https:\/\/api.w.org\/{rel}","templated":true}]}}