{"id":7229,"date":"2024-11-17T20:39:58","date_gmt":"2024-11-17T23:39:58","guid":{"rendered":"https:\/\/impactodenoticias.com.ar\/?p=7229"},"modified":"2024-11-19T10:10:57","modified_gmt":"2024-11-19T13:10:57","slug":"solicitan-la-colaboracion-para-encontrar-a-una-joven-que-se-ausento-en-concepcion-del-uruguay","status":"publish","type":"post","link":"https:\/\/impactodenoticias.com.ar\/?p=7229","title":{"rendered":"Solicitan la colaboraci\u00f3n para encontrar a una joven que se ausent\u00f3 en Concepci\u00f3n del Uruguay"},"content":{"rendered":"\n<p class=\"has-medium-font-size\"><strong>Buscan a Luc\u00eda Candelaria Guti\u00e9rrez, de 24 a\u00f1os, quien estaba viviendo en Concepci\u00f3n del Uruguay. No se comunica con su familia desde septiembre.<\/strong><\/p>\n\n\n\n<p>Desde la Unidad Fiscal de Ni\u00f1os, Ni\u00f1as y Adolescentes de Paran\u00e1 solicitaron este s\u00e1bado la colaboraci\u00f3n de la ciudadan\u00eda con el fin de dar con el paradero de Lucia Candelaria Guti\u00e9rrez, de 24 a\u00f1os, quien se encontraba viviendo en Concepci\u00f3n del Uruguay.<\/p>\n\n\n\n<p>Su \u00faltima comunicaci\u00f3n telef\u00f3nica con sus familiares fue el 19 de septiembre.<\/p>\n\n\n\n<p>Cualquier informaci\u00f3n sobre el paradero puede suministrarse al 911, a la Mesa de Informaci\u00f3n Permanente del Poder Judicial 0800 4446372 o comunic\u00e1ndose al tel\u00e9fono de Comisaria 15 de Paran\u00e1 (0343-4206205).<\/p>\n","protected":false},"excerpt":{"rendered":"<p>Buscan a Luc&iacute;a Candelaria Guti&eacute;rrez, de 24 a&ntilde;os, quien estaba viviendo en Concepci&oacute;n del Uruguay. No se comunica con su familia desde septiembre. Desde la Unidad Fiscal de Ni&ntilde;os, Ni&ntilde;as y Adolescentes de Paran&aacute; solicitaron este s&aacute;bado la colaboraci&oacute;n de la ciudadan&iacute;a con el fin de dar con el paradero de Lucia Candelaria Guti&eacute;rrez, de [&hellip;]<\/p>\n","protected":false},"author":2,"featured_media":7230,"comment_status":"open","ping_status":"open","sticky":false,"template":"","format":"standard","meta":{"footnotes":""},"categories":[8,4],"tags":[251,324,33,3029],"class_list":["post-7229","post","type-post","status-publish","format-standard","has-post-thumbnail","hentry","category-policiales","category-provinciales","tag-busqueda","tag-concepcion-del-uruguay","tag-entre-rios","tag-lucia-candelaria-gutierrez"],"_links":{"self":[{"href":"https:\/\/impactodenoticias.com.ar\/index.php?rest_route=\/wp\/v2\/posts\/7229","targetHints":{"allow":["GET"]}}],"collection":[{"href":"https:\/\/impactodenoticias.com.ar\/index.php?rest_route=\/wp\/v2\/posts"}],"about":[{"href":"https:\/\/impactodenoticias.com.ar\/index.php?rest_route=\/wp\/v2\/types\/post"}],"author":[{"embeddable":true,"href":"https:\/\/impactodenoticias.com.ar\/index.php?rest_route=\/wp\/v2\/users\/2"}],"replies":[{"embeddable":true,"href":"https:\/\/impactodenoticias.com.ar\/index.php?rest_route=%2Fwp%2Fv2%2Fcomments&post=7229"}],"version-history":[{"count":1,"href":"https:\/\/impactodenoticias.com.ar\/index.php?rest_route=\/wp\/v2\/posts\/7229\/revisions"}],"predecessor-version":[{"id":7231,"href":"https:\/\/impactodenoticias.com.ar\/index.php?rest_route=\/wp\/v2\/posts\/7229\/revisions\/7231"}],"wp:featuredmedia":[{"embeddable":true,"href":"https:\/\/impactodenoticias.com.ar\/index.php?rest_route=\/wp\/v2\/media\/7230"}],"wp:attachment":[{"href":"https:\/\/impactodenoticias.com.ar\/index.php?rest_route=%2Fwp%2Fv2%2Fmedia&parent=7229"}],"wp:term":[{"taxonomy":"category","embeddable":true,"href":"https:\/\/impactodenoticias.com.ar\/index.php?rest_route=%2Fwp%2Fv2%2Fcategories&post=7229"},{"taxonomy":"post_tag","embeddable":true,"href":"https:\/\/impactodenoticias.com.ar\/index.php?rest_route=%2Fwp%2Fv2%2Ftags&post=7229"}],"curies":[{"name":"wp","href":"https:\/\/api.w.org\/{rel}","templated":true}]}}