{"id":7251,"date":"2024-11-18T10:13:28","date_gmt":"2024-11-18T13:13:28","guid":{"rendered":"https:\/\/impactodenoticias.com.ar\/?p=7251"},"modified":"2024-11-18T10:13:28","modified_gmt":"2024-11-18T13:13:28","slug":"veredas-obstruidas-y-rotas-en-gualeguaychu","status":"publish","type":"post","link":"https:\/\/impactodenoticias.com.ar\/?p=7251","title":{"rendered":"Veredas obstruidas y rotas en Gualeguaych\u00fa"},"content":{"rendered":"\n<h3 class=\"wp-block-heading\">La ubicaci\u00f3n de materiales de construcci\u00f3n en las veredas, la rotura y los obstaculos de todo tipo, generan un problema para los peatones en la ciudad.<\/h3>\n\n\n\n<p>En Gualeguaych\u00fa, un problema que se incrementa y afecta el tr\u00e1nsito normal de los peatones de la ciudad, las veredas cargadas de elementos de construcci\u00f3n, obstru\u00eddas por diversos elementos y roturas de todo tipo. Desde ladrillos y bloques hasta bolsones de arena, herramientas, escombros, macetas, entre otros elementos, complican el tr\u00e1nsito peatonal, sino que tambi\u00e9n representan un riesgo para la seguridad de quienes transitasn por las calles.<\/p>\n\n\n\n<p><\/p>\n\n\n\n<figure class=\"wp-block-image size-large\"><img loading=\"lazy\" decoding=\"async\" width=\"1024\" height=\"953\" src=\"https:\/\/impactodenoticias.com.ar\/wp-content\/uploads\/2024\/11\/img_39288_verdedas-1024x953.jpg\" alt=\"\" class=\"wp-image-7252\" srcset=\"https:\/\/impactodenoticias.com.ar\/wp-content\/uploads\/2024\/11\/img_39288_verdedas-1024x953.jpg 1024w, https:\/\/impactodenoticias.com.ar\/wp-content\/uploads\/2024\/11\/img_39288_verdedas-300x279.jpg 300w, https:\/\/impactodenoticias.com.ar\/wp-content\/uploads\/2024\/11\/img_39288_verdedas-768x715.jpg 768w, https:\/\/impactodenoticias.com.ar\/wp-content\/uploads\/2024\/11\/img_39288_verdedas.jpg 1179w\" sizes=\"auto, (max-width: 1024px) 100vw, 1024px\" \/><\/figure>\n\n\n\n<p><\/p>\n\n\n\n<figure class=\"wp-block-image size-large\"><img loading=\"lazy\" decoding=\"async\" width=\"1024\" height=\"576\" src=\"https:\/\/impactodenoticias.com.ar\/wp-content\/uploads\/2024\/11\/veredasjpg-1024x576.webp\" alt=\"\" class=\"wp-image-7253\" srcset=\"https:\/\/impactodenoticias.com.ar\/wp-content\/uploads\/2024\/11\/veredasjpg-1024x576.webp 1024w, https:\/\/impactodenoticias.com.ar\/wp-content\/uploads\/2024\/11\/veredasjpg-300x169.webp 300w, https:\/\/impactodenoticias.com.ar\/wp-content\/uploads\/2024\/11\/veredasjpg-768x432.webp 768w, https:\/\/impactodenoticias.com.ar\/wp-content\/uploads\/2024\/11\/veredasjpg.webp 1200w\" sizes=\"auto, (max-width: 1024px) 100vw, 1024px\" \/><\/figure>\n\n\n\n<p><\/p>\n\n\n\n<figure class=\"wp-block-image size-large\"><img loading=\"lazy\" decoding=\"async\" width=\"1024\" height=\"683\" src=\"https:\/\/impactodenoticias.com.ar\/wp-content\/uploads\/2024\/11\/landscape_h__Gualeguaychu_1618325131-1024x683.jpg\" alt=\"\" class=\"wp-image-7254\" srcset=\"https:\/\/impactodenoticias.com.ar\/wp-content\/uploads\/2024\/11\/landscape_h__Gualeguaychu_1618325131-1024x683.jpg 1024w, https:\/\/impactodenoticias.com.ar\/wp-content\/uploads\/2024\/11\/landscape_h__Gualeguaychu_1618325131-300x200.jpg 300w, https:\/\/impactodenoticias.com.ar\/wp-content\/uploads\/2024\/11\/landscape_h__Gualeguaychu_1618325131-768x512.jpg 768w, https:\/\/impactodenoticias.com.ar\/wp-content\/uploads\/2024\/11\/landscape_h__Gualeguaychu_1618325131.jpg 1200w\" sizes=\"auto, (max-width: 1024px) 100vw, 1024px\" \/><\/figure>\n\n\n\n<p><\/p>\n\n\n\n<p>Los espacios destinados a la circulaci\u00f3n de personas se han convertido en verdaderas barreras, obligando a los transe\u00fantes a desplazarse por la calzada, donde deben esquivar veh\u00edculos y enfrentar el peligro de accidentes viales. Esta situaci\u00f3n es especialmente preocupante para personas mayores, padres con cochecitos de beb\u00e9s, ni\u00f1os y personas con movilidad reducida, quienes encuentran cada vez m\u00e1s dif\u00edcil transitar por la ciudad.<\/p>\n\n\n\n<p>Las veredas son espacios fundamentales para el tr\u00e1nsito seguro de todos los peatones, especialmente para aquellos que dependen de sillas de ruedas, muletas o cualquier otro tipo de ayuda. Sin embargo, muchas de estas v\u00edas peatonales se han convertido en verdaderos obst\u00e1culos.<\/p>\n\n\n\n<p>Este escenario se vuelve a\u00fan m\u00e1s cr\u00edtico para las personas con discapacidad. La falta de rampas adecuadas y espacios despejados limita su autonom\u00eda y movilidad. Muchos se ven obligados a transitar por calles peligrosas o a depender del apoyo de familiares o amigos, lo que no solo afecta su calidad de vida, sino que adem\u00e1s atenta contra su derecho a la independencia.<\/p>\n","protected":false},"excerpt":{"rendered":"<p>La ubicaci&oacute;n de materiales de construcci&oacute;n en las veredas, la rotura y los obstaculos de todo tipo, generan un problema para los peatones en la ciudad. En Gualeguaych&uacute;, un problema que se incrementa y afecta el tr&aacute;nsito normal de los peatones de la ciudad, las veredas cargadas de elementos de construcci&oacute;n, obstru&iacute;das por diversos elementos [&hellip;]<\/p>\n","protected":false},"author":2,"featured_media":7255,"comment_status":"open","ping_status":"open","sticky":false,"template":"","format":"standard","meta":{"footnotes":""},"categories":[4,49],"tags":[280],"class_list":["post-7251","post","type-post","status-publish","format-standard","has-post-thumbnail","hentry","category-provinciales","category-sociedad","tag-gualeguaychu"],"_links":{"self":[{"href":"https:\/\/impactodenoticias.com.ar\/index.php?rest_route=\/wp\/v2\/posts\/7251","targetHints":{"allow":["GET"]}}],"collection":[{"href":"https:\/\/impactodenoticias.com.ar\/index.php?rest_route=\/wp\/v2\/posts"}],"about":[{"href":"https:\/\/impactodenoticias.com.ar\/index.php?rest_route=\/wp\/v2\/types\/post"}],"author":[{"embeddable":true,"href":"https:\/\/impactodenoticias.com.ar\/index.php?rest_route=\/wp\/v2\/users\/2"}],"replies":[{"embeddable":true,"href":"https:\/\/impactodenoticias.com.ar\/index.php?rest_route=%2Fwp%2Fv2%2Fcomments&post=7251"}],"version-history":[{"count":1,"href":"https:\/\/impactodenoticias.com.ar\/index.php?rest_route=\/wp\/v2\/posts\/7251\/revisions"}],"predecessor-version":[{"id":7256,"href":"https:\/\/impactodenoticias.com.ar\/index.php?rest_route=\/wp\/v2\/posts\/7251\/revisions\/7256"}],"wp:featuredmedia":[{"embeddable":true,"href":"https:\/\/impactodenoticias.com.ar\/index.php?rest_route=\/wp\/v2\/media\/7255"}],"wp:attachment":[{"href":"https:\/\/impactodenoticias.com.ar\/index.php?rest_route=%2Fwp%2Fv2%2Fmedia&parent=7251"}],"wp:term":[{"taxonomy":"category","embeddable":true,"href":"https:\/\/impactodenoticias.com.ar\/index.php?rest_route=%2Fwp%2Fv2%2Fcategories&post=7251"},{"taxonomy":"post_tag","embeddable":true,"href":"https:\/\/impactodenoticias.com.ar\/index.php?rest_route=%2Fwp%2Fv2%2Ftags&post=7251"}],"curies":[{"name":"wp","href":"https:\/\/api.w.org\/{rel}","templated":true}]}}