{"id":7257,"date":"2024-11-18T17:10:37","date_gmt":"2024-11-18T20:10:37","guid":{"rendered":"https:\/\/impactodenoticias.com.ar\/?p=7257"},"modified":"2024-11-19T10:10:42","modified_gmt":"2024-11-19T13:10:42","slug":"avanza-el-proyecto-de-ley-para-controlar-la-poblacion-de-jabalies-y-ciervos-axis","status":"publish","type":"post","link":"https:\/\/impactodenoticias.com.ar\/?p=7257","title":{"rendered":"Avanza el proyecto de ley para controlar la poblaci\u00f3n de jabal\u00edes y ciervos axis"},"content":{"rendered":"\n<h3 class=\"wp-block-heading\">En el marco de las tareas de prevenci\u00f3n de da\u00f1os causados por animales silvestres que lleva adelante el Ministerio de Desarrollo Econ\u00f3mico, funcionarios de la Secretar\u00eda de Agricultura, Ganader\u00eda y Pesca, participaron de la comisi\u00f3n de Recursos Naturales y Ambiente de la C\u00e1mara de Diputados.<\/h3>\n\n\n\n<p>En la ocasi\u00f3n, se analiz\u00f3 el proyecto que busca declarar como plagas a tres especies ex\u00f3ticas invasoras en nuestro territorio provincial. Dicho documento, realizado por la diputada Gabriela Lena, permitir\u00e1 al Ejecutivo reglamentar la caza del jabal\u00ed, ciervo axis y el chancho asilvestrado.<\/p>\n\n\n\n<p>\u00abEntre estas especies, la que m\u00e1s preocupa es el jabal\u00ed (Sus scrofa). Originario de Europa, est\u00e1 incluido en la lista de las especies ex\u00f3ticas invasoras m\u00e1s da\u00f1inas del mundo. Su acci\u00f3n de hozar, es decir remover la tierra con el hocico, para depredar semillas, afecta directamente los suelos y cultivos de los trabajadores rurales; existiendo casos tambi\u00e9n de destrozo de silobolsas\u00bb, expres\u00f3 al respecto el coordinador provincial de Pol\u00edticas Agropecuarias, Jos\u00e9 Carlos Basald\u00faa.<\/p>\n\n\n\n<p>\u00abLa aprobaci\u00f3n de la ley que declara como plagas a estas especies, nos habilitar\u00e1 a una reglamentaci\u00f3n que regule la caza y el control del destino de la especie capturada. Esto incluye normar el tratamiento que se har\u00e1 respecto de la prevenci\u00f3n de la triquinosis en el jabal\u00ed, animal que tambi\u00e9n atenta contra la seguridad de los automovilistas y personas de a pie por su porte f\u00edsico\u00bb, precis\u00f3 Juan Manuel Florean, coordinador del \u00e1rea de Fiscalizaci\u00f3n de Carnes.<\/p>\n","protected":false},"excerpt":{"rendered":"<p>En el marco de las tareas de prevenci&oacute;n de da&ntilde;os causados por animales silvestres que lleva adelante el Ministerio de Desarrollo Econ&oacute;mico, funcionarios de la Secretar&iacute;a de Agricultura, Ganader&iacute;a y Pesca, participaron de la comisi&oacute;n de Recursos Naturales y Ambiente de la C&aacute;mara de Diputados. En la ocasi&oacute;n, se analiz&oacute; el proyecto que busca declarar [&hellip;]<\/p>\n","protected":false},"author":2,"featured_media":7258,"comment_status":"open","ping_status":"open","sticky":false,"template":"","format":"standard","meta":{"footnotes":""},"categories":[11,4],"tags":[2763,609,127,3038,591],"class_list":["post-7257","post","type-post","status-publish","format-standard","has-post-thumbnail","hentry","category-politica","category-provinciales","tag-ciervo-axis","tag-control","tag-diputados","tag-jabalies","tag-proyecto"],"_links":{"self":[{"href":"https:\/\/impactodenoticias.com.ar\/index.php?rest_route=\/wp\/v2\/posts\/7257","targetHints":{"allow":["GET"]}}],"collection":[{"href":"https:\/\/impactodenoticias.com.ar\/index.php?rest_route=\/wp\/v2\/posts"}],"about":[{"href":"https:\/\/impactodenoticias.com.ar\/index.php?rest_route=\/wp\/v2\/types\/post"}],"author":[{"embeddable":true,"href":"https:\/\/impactodenoticias.com.ar\/index.php?rest_route=\/wp\/v2\/users\/2"}],"replies":[{"embeddable":true,"href":"https:\/\/impactodenoticias.com.ar\/index.php?rest_route=%2Fwp%2Fv2%2Fcomments&post=7257"}],"version-history":[{"count":1,"href":"https:\/\/impactodenoticias.com.ar\/index.php?rest_route=\/wp\/v2\/posts\/7257\/revisions"}],"predecessor-version":[{"id":7259,"href":"https:\/\/impactodenoticias.com.ar\/index.php?rest_route=\/wp\/v2\/posts\/7257\/revisions\/7259"}],"wp:featuredmedia":[{"embeddable":true,"href":"https:\/\/impactodenoticias.com.ar\/index.php?rest_route=\/wp\/v2\/media\/7258"}],"wp:attachment":[{"href":"https:\/\/impactodenoticias.com.ar\/index.php?rest_route=%2Fwp%2Fv2%2Fmedia&parent=7257"}],"wp:term":[{"taxonomy":"category","embeddable":true,"href":"https:\/\/impactodenoticias.com.ar\/index.php?rest_route=%2Fwp%2Fv2%2Fcategories&post=7257"},{"taxonomy":"post_tag","embeddable":true,"href":"https:\/\/impactodenoticias.com.ar\/index.php?rest_route=%2Fwp%2Fv2%2Ftags&post=7257"}],"curies":[{"name":"wp","href":"https:\/\/api.w.org\/{rel}","templated":true}]}}