{"id":7287,"date":"2024-11-19T10:10:08","date_gmt":"2024-11-19T13:10:08","guid":{"rendered":"https:\/\/impactodenoticias.com.ar\/?p=7287"},"modified":"2024-11-19T10:10:14","modified_gmt":"2024-11-19T13:10:14","slug":"difunden-la-fecha-del-sorteo-de-abogados-noveles-para-ejecutar-titulos-ejecutivos-de-la-municipalidad-de-parana","status":"publish","type":"post","link":"https:\/\/impactodenoticias.com.ar\/?p=7287","title":{"rendered":"Difunden la fecha del sorteo de abogados noveles para ejecutar T\u00edtulos Ejecutivos de la Municipalidad de Paran\u00e1"},"content":{"rendered":"\n<h3 class=\"wp-block-heading\">Las capacitaciones obligatorias ser\u00e1n el 28 de noviembre y el 4 de diciembre. En tanto que el sorteo de los T\u00edtulos Ejecutivos se realizar\u00e1 el 16 de diciembre.<\/h3>\n\n\n\n<p>La Municipalidad, a trav\u00e9s de la Secretar\u00eda Legal y Administrativa y en conjunto con el Colegio de Abogados de Paran\u00e1, realizar\u00e1 el sorteo de los T\u00edtulos Ejecutivos de la Municipalidad el 16 de diciembre a las 9 en el Teatro 3 de Febrero.<\/p>\n\n\n\n<p>Para participar, los abogados noveles inscriptos en la convocatoria deben asistir a las dos capacitaciones que ser\u00e1n en el Sal\u00f3n Lucio Dato. La primera es obligatoria para quienes se inscribieron por primera vez, ser\u00e1 el 28 de noviembre a las 18 y en ella se abordar\u00e1n conceptos generales. En la segunda capacitaci\u00f3n, el 4 de diciembre a las 18, se trabajar\u00e1 el manejo de sistema inform\u00e1tico y es obligatoria para inscriptos y reinscriptos.<\/p>\n\n\n\n<p><\/p>\n\n\n\n<figure class=\"wp-block-image size-full\"><img loading=\"lazy\" decoding=\"async\" width=\"760\" height=\"427\" src=\"https:\/\/impactodenoticias.com.ar\/wp-content\/uploads\/2024\/11\/1130b10ece810b570dd9b53bb5ee4d8f.jpg\" alt=\"\" class=\"wp-image-7288\" srcset=\"https:\/\/impactodenoticias.com.ar\/wp-content\/uploads\/2024\/11\/1130b10ece810b570dd9b53bb5ee4d8f.jpg 760w, https:\/\/impactodenoticias.com.ar\/wp-content\/uploads\/2024\/11\/1130b10ece810b570dd9b53bb5ee4d8f-300x169.jpg 300w\" sizes=\"auto, (max-width: 760px) 100vw, 760px\" \/><\/figure>\n","protected":false},"excerpt":{"rendered":"<p>Las capacitaciones obligatorias ser&aacute;n el 28 de noviembre y el 4 de diciembre. En tanto que el sorteo de los T&iacute;tulos Ejecutivos se realizar&aacute; el 16 de diciembre. La Municipalidad, a trav&eacute;s de la Secretar&iacute;a Legal y Administrativa y en conjunto con el Colegio de Abogados de Paran&aacute;, realizar&aacute; el sorteo de los T&iacute;tulos Ejecutivos [&hellip;]<\/p>\n","protected":false},"author":2,"featured_media":7289,"comment_status":"open","ping_status":"open","sticky":false,"template":"","format":"standard","meta":{"footnotes":""},"categories":[3,1902],"tags":[2868,102,95,3055],"class_list":["post-7287","post","type-post","status-publish","format-standard","has-post-thumbnail","hentry","category-locales","category-municipales","tag-abogados","tag-municipalidad","tag-parana","tag-sorteo"],"_links":{"self":[{"href":"https:\/\/impactodenoticias.com.ar\/index.php?rest_route=\/wp\/v2\/posts\/7287","targetHints":{"allow":["GET"]}}],"collection":[{"href":"https:\/\/impactodenoticias.com.ar\/index.php?rest_route=\/wp\/v2\/posts"}],"about":[{"href":"https:\/\/impactodenoticias.com.ar\/index.php?rest_route=\/wp\/v2\/types\/post"}],"author":[{"embeddable":true,"href":"https:\/\/impactodenoticias.com.ar\/index.php?rest_route=\/wp\/v2\/users\/2"}],"replies":[{"embeddable":true,"href":"https:\/\/impactodenoticias.com.ar\/index.php?rest_route=%2Fwp%2Fv2%2Fcomments&post=7287"}],"version-history":[{"count":1,"href":"https:\/\/impactodenoticias.com.ar\/index.php?rest_route=\/wp\/v2\/posts\/7287\/revisions"}],"predecessor-version":[{"id":7290,"href":"https:\/\/impactodenoticias.com.ar\/index.php?rest_route=\/wp\/v2\/posts\/7287\/revisions\/7290"}],"wp:featuredmedia":[{"embeddable":true,"href":"https:\/\/impactodenoticias.com.ar\/index.php?rest_route=\/wp\/v2\/media\/7289"}],"wp:attachment":[{"href":"https:\/\/impactodenoticias.com.ar\/index.php?rest_route=%2Fwp%2Fv2%2Fmedia&parent=7287"}],"wp:term":[{"taxonomy":"category","embeddable":true,"href":"https:\/\/impactodenoticias.com.ar\/index.php?rest_route=%2Fwp%2Fv2%2Fcategories&post=7287"},{"taxonomy":"post_tag","embeddable":true,"href":"https:\/\/impactodenoticias.com.ar\/index.php?rest_route=%2Fwp%2Fv2%2Ftags&post=7287"}],"curies":[{"name":"wp","href":"https:\/\/api.w.org\/{rel}","templated":true}]}}