{"id":731,"date":"2024-07-03T11:20:04","date_gmt":"2024-07-03T14:20:04","guid":{"rendered":"https:\/\/impactodenoticias.com.ar\/?p=731"},"modified":"2024-07-03T11:52:41","modified_gmt":"2024-07-03T14:52:41","slug":"incendio-en-la-fabrica-de-colchones-significa-el-50-de-la-empresa-y-empezar-de-nuevo-senalo-el-propietario","status":"publish","type":"post","link":"https:\/\/impactodenoticias.com.ar\/?p=731","title":{"rendered":"Incendio en la f\u00e1brica de colchones: \u201cSignifica el 50% de la empresa y empezar de nuevo\u201d, se\u00f1al\u00f3 el propietario"},"content":{"rendered":"\n<p><strong>La f\u00e1brica de colchones Suavepar de Paran\u00e1 padeci\u00f3 un voraz incendio en uno de sus galpones ubicado en el Parque Industrial de Paran\u00e1. Su due\u00f1o habl\u00f3 y lament\u00f3 las p\u00e9rdidas sufridas.<\/strong><\/p>\n\n\n\n<p>La f\u00e1brica de colchones que sufri\u00f3 un voraz incendio esta madrugada en la ciudad de Paran\u00e1, sufri\u00f3 p\u00e9rdidas totales, seg\u00fan indicaron desde Bomberos Voluntarios. Se trata de la firma Suavepar del Parque Industrial, donde trabajan 16 empleados de manera directa.<\/p>\n\n\n\n<p>Norberto De Bueno, socio de la Pyme, lament\u00f3 lo sucedido. Consultado sobre la posible causa del siniestro manifest\u00f3 que: \u201cAparentemente hubo un cortocircuito a la noche. Todav\u00eda no est\u00e1 bien establecido\u201d, indic\u00f3 Norberto de Bueno\u201d. Explic\u00f3 adem\u00e1s que el incendio ocurri\u00f3 donde se hace la espuma.<\/p>\n\n\n\n<p>\u201cHab\u00eda una m\u00e1quina muy importante de espumaci\u00f3n y productos qu\u00edmicos. Ahora nos quedamos sin materia prima\u201d, precis\u00f3, y lament\u00f3: \u201cNo sirve m\u00e1s. Hay que levantar todo y hacerlo de nuevo. Tendremos que trabajar en eso\u201d, explic\u00f3.<\/p>\n\n\n\n<p>Consultado por las p\u00e9rdidas, dijo que \u201csignifica el 50% de la empresa y empezar de nuevo a trabajar\u201d. \u201cEs un trabajo enorme que hay que hacer\u201d, dijo, y agreg\u00f3 que la maquinaria es especial. \u201cSon m\u00e1quinas que se preparan, se hacen individualmente. Eso lleva su tiempo\u201d, destac\u00f3.<\/p>\n\n\n\n<p>Mientras tanto, De Bueno adelant\u00f3 que, para no paralizar totalmente la empresa, se est\u00e1 contactando con otras firmas para que le produzcan y \u201csalir del paso\u201d. \u201cEl problema es el tiempo que lleva rehacer todo eso. Nos va a llevar tres o cuatro meses\u201c, concluy\u00f3.<\/p>\n","protected":false},"excerpt":{"rendered":"<p>La f&aacute;brica de colchones Suavepar de Paran&aacute; padeci&oacute; un voraz incendio en uno de sus galpones ubicado en el Parque Industrial de Paran&aacute;. Su due&ntilde;o habl&oacute; y lament&oacute; las p&eacute;rdidas sufridas. La f&aacute;brica de colchones que sufri&oacute; un voraz incendio esta madrugada en la ciudad de Paran&aacute;, sufri&oacute; p&eacute;rdidas totales, seg&uacute;n indicaron desde Bomberos Voluntarios. [&hellip;]<\/p>\n","protected":false},"author":2,"featured_media":738,"comment_status":"open","ping_status":"open","sticky":false,"template":"","format":"standard","meta":{"footnotes":""},"categories":[3,8],"tags":[323,322,227,95],"class_list":["post-731","post","type-post","status-publish","format-standard","has-post-thumbnail","hentry","category-locales","category-policiales","tag-colchones","tag-fabrica","tag-incendio","tag-parana"],"_links":{"self":[{"href":"https:\/\/impactodenoticias.com.ar\/index.php?rest_route=\/wp\/v2\/posts\/731","targetHints":{"allow":["GET"]}}],"collection":[{"href":"https:\/\/impactodenoticias.com.ar\/index.php?rest_route=\/wp\/v2\/posts"}],"about":[{"href":"https:\/\/impactodenoticias.com.ar\/index.php?rest_route=\/wp\/v2\/types\/post"}],"author":[{"embeddable":true,"href":"https:\/\/impactodenoticias.com.ar\/index.php?rest_route=\/wp\/v2\/users\/2"}],"replies":[{"embeddable":true,"href":"https:\/\/impactodenoticias.com.ar\/index.php?rest_route=%2Fwp%2Fv2%2Fcomments&post=731"}],"version-history":[{"count":1,"href":"https:\/\/impactodenoticias.com.ar\/index.php?rest_route=\/wp\/v2\/posts\/731\/revisions"}],"predecessor-version":[{"id":733,"href":"https:\/\/impactodenoticias.com.ar\/index.php?rest_route=\/wp\/v2\/posts\/731\/revisions\/733"}],"wp:featuredmedia":[{"embeddable":true,"href":"https:\/\/impactodenoticias.com.ar\/index.php?rest_route=\/wp\/v2\/media\/738"}],"wp:attachment":[{"href":"https:\/\/impactodenoticias.com.ar\/index.php?rest_route=%2Fwp%2Fv2%2Fmedia&parent=731"}],"wp:term":[{"taxonomy":"category","embeddable":true,"href":"https:\/\/impactodenoticias.com.ar\/index.php?rest_route=%2Fwp%2Fv2%2Fcategories&post=731"},{"taxonomy":"post_tag","embeddable":true,"href":"https:\/\/impactodenoticias.com.ar\/index.php?rest_route=%2Fwp%2Fv2%2Ftags&post=731"}],"curies":[{"name":"wp","href":"https:\/\/api.w.org\/{rel}","templated":true}]}}