{"id":7350,"date":"2024-11-20T14:52:57","date_gmt":"2024-11-20T17:52:57","guid":{"rendered":"https:\/\/impactodenoticias.com.ar\/?p=7350"},"modified":"2024-11-20T14:52:58","modified_gmt":"2024-11-20T17:52:58","slug":"concordia-un-colectivo-trasladaba-personas-con-discapacidad-de-forma-ilegal-y-en-pesimas-condiciones","status":"publish","type":"post","link":"https:\/\/impactodenoticias.com.ar\/?p=7350","title":{"rendered":"Concordia: un colectivo trasladaba personas con discapacidad de forma ilegal y en p\u00e9simas condiciones"},"content":{"rendered":"\n<h3 class=\"wp-block-heading\">Personal de la Direcci\u00f3n de Tr\u00e1nsito de Concordia retuvo de un colectivo utilizado como transporte de chicos con discapacidad, que concurren a la escuela Integral N\u00b01.<\/h3>\n\n\n\n<p>El operativo se llev\u00f3 adelante en calle Lamadrid y Estrada, donde los inspectores constataron que el conductor no contaba con la documentaci\u00f3n correspondiente, adem\u00e1s el transporte no pose\u00eda habilitaci\u00f3n municipal y la unidad se encontraba en escasas condiciones de seguridad para transportar personas.<\/p>\n\n\n\n<p><\/p>\n\n\n\n<figure class=\"wp-block-gallery has-nested-images columns-default is-cropped wp-block-gallery-1 is-layout-flex wp-block-gallery-is-layout-flex\">\n<figure class=\"wp-block-image size-large\"><img loading=\"lazy\" decoding=\"async\" width=\"300\" height=\"300\" data-id=\"7352\" src=\"https:\/\/impactodenoticias.com.ar\/wp-content\/uploads\/2024\/11\/colectivo2-300x300-1.webp\" alt=\"\" class=\"wp-image-7352\" srcset=\"https:\/\/impactodenoticias.com.ar\/wp-content\/uploads\/2024\/11\/colectivo2-300x300-1.webp 300w, https:\/\/impactodenoticias.com.ar\/wp-content\/uploads\/2024\/11\/colectivo2-300x300-1-150x150.webp 150w\" sizes=\"auto, (max-width: 300px) 100vw, 300px\" \/><\/figure>\n\n\n\n<figure class=\"wp-block-image size-large\"><img loading=\"lazy\" decoding=\"async\" width=\"300\" height=\"300\" data-id=\"7351\" src=\"https:\/\/impactodenoticias.com.ar\/wp-content\/uploads\/2024\/11\/colectivo3-300x300-1.webp\" alt=\"\" class=\"wp-image-7351\" srcset=\"https:\/\/impactodenoticias.com.ar\/wp-content\/uploads\/2024\/11\/colectivo3-300x300-1.webp 300w, https:\/\/impactodenoticias.com.ar\/wp-content\/uploads\/2024\/11\/colectivo3-300x300-1-150x150.webp 150w\" sizes=\"auto, (max-width: 300px) 100vw, 300px\" \/><\/figure>\n<\/figure>\n\n\n\n<p><\/p>\n\n\n\n<p>\u201cSe control\u00f3 un \u00f3mnibus de transporte escolar de chicos con discapacidad y el conductor no ten\u00eda la documentaci\u00f3n\u201d, se\u00f1alaron, adem\u00e1s \u201cel colectivo estaba en muy malas condiciones, no ten\u00eda cintur\u00f3n de seguridad y se llov\u00eda adentro\u201d, detall\u00f3 el director de la Direcci\u00f3n de Tr\u00e1nsito, Emanuel Galli a Concordia Policiales.<\/p>\n\n\n\n<p>Ante esa situaci\u00f3n, \u201cse labr\u00f3 un acta en conjunto con la polic\u00eda y se retuvo de forma preventiva el veh\u00edculo, porque no garantizaba la seguridad de los estudiantes\u201d, destac\u00f3 Galli.<\/p>\n","protected":false},"excerpt":{"rendered":"<p>Personal de la Direcci&oacute;n de Tr&aacute;nsito de Concordia retuvo de un colectivo utilizado como transporte de chicos con discapacidad, que concurren a la escuela Integral N&deg;1. El operativo se llev&oacute; adelante en calle Lamadrid y Estrada, donde los inspectores constataron que el conductor no contaba con la documentaci&oacute;n correspondiente, adem&aacute;s el transporte no pose&iacute;a habilitaci&oacute;n [&hellip;]<\/p>\n","protected":false},"author":2,"featured_media":7353,"comment_status":"open","ping_status":"open","sticky":false,"template":"","format":"standard","meta":{"footnotes":""},"categories":[8,4],"tags":[482,72,989,602,774],"class_list":["post-7350","post","type-post","status-publish","format-standard","has-post-thumbnail","hentry","category-policiales","category-provinciales","tag-colectivo","tag-concordia","tag-discapacidad","tag-personas","tag-retencion"],"_links":{"self":[{"href":"https:\/\/impactodenoticias.com.ar\/index.php?rest_route=\/wp\/v2\/posts\/7350","targetHints":{"allow":["GET"]}}],"collection":[{"href":"https:\/\/impactodenoticias.com.ar\/index.php?rest_route=\/wp\/v2\/posts"}],"about":[{"href":"https:\/\/impactodenoticias.com.ar\/index.php?rest_route=\/wp\/v2\/types\/post"}],"author":[{"embeddable":true,"href":"https:\/\/impactodenoticias.com.ar\/index.php?rest_route=\/wp\/v2\/users\/2"}],"replies":[{"embeddable":true,"href":"https:\/\/impactodenoticias.com.ar\/index.php?rest_route=%2Fwp%2Fv2%2Fcomments&post=7350"}],"version-history":[{"count":1,"href":"https:\/\/impactodenoticias.com.ar\/index.php?rest_route=\/wp\/v2\/posts\/7350\/revisions"}],"predecessor-version":[{"id":7354,"href":"https:\/\/impactodenoticias.com.ar\/index.php?rest_route=\/wp\/v2\/posts\/7350\/revisions\/7354"}],"wp:featuredmedia":[{"embeddable":true,"href":"https:\/\/impactodenoticias.com.ar\/index.php?rest_route=\/wp\/v2\/media\/7353"}],"wp:attachment":[{"href":"https:\/\/impactodenoticias.com.ar\/index.php?rest_route=%2Fwp%2Fv2%2Fmedia&parent=7350"}],"wp:term":[{"taxonomy":"category","embeddable":true,"href":"https:\/\/impactodenoticias.com.ar\/index.php?rest_route=%2Fwp%2Fv2%2Fcategories&post=7350"},{"taxonomy":"post_tag","embeddable":true,"href":"https:\/\/impactodenoticias.com.ar\/index.php?rest_route=%2Fwp%2Fv2%2Ftags&post=7350"}],"curies":[{"name":"wp","href":"https:\/\/api.w.org\/{rel}","templated":true}]}}