{"id":7376,"date":"2024-11-20T19:43:49","date_gmt":"2024-11-20T22:43:49","guid":{"rendered":"https:\/\/impactodenoticias.com.ar\/?p=7376"},"modified":"2024-11-21T10:58:46","modified_gmt":"2024-11-21T13:58:46","slug":"rossi-amplio-su-recurso-de-juicio-politico-contra-schumacher-y-la-jueza-agrega-pedidos","status":"publish","type":"post","link":"https:\/\/impactodenoticias.com.ar\/?p=7376","title":{"rendered":"Rossi ampli\u00f3 su recurso de juicio pol\u00edtico contra Schumacher y la jueza agrega pedidos"},"content":{"rendered":"\n<p class=\"has-medium-font-size\"><strong>El forma simult\u00e1nea al rechazo de la C\u00e1mara de Diputados a la apertura de juicio pol\u00edtico que promovi\u00f3 Daniel Rossi contra la vocal del Superior Tribunal de Justicia de la provincia, Gisela Schumacher, el intendente de Santa Elena, present\u00f3 una ampliaci\u00f3n el mismo martes por elementos nuevos que entendi\u00f3 se deben investigar. Adem\u00e1s la ONG \u00abEntre R\u00edos sin Corrupci\u00f3n\u00bb sum\u00f3 su propio pedido.<\/strong><\/p>\n\n\n\n<p>Daniel Rossi, intendente de Santa Elena, present\u00f3 el martes 19 una ampliaci\u00f3n de solicitud de juicio pol\u00edtico contra la vocal del Superior Tribunal de Justicia, Gisela Schumcher, presentando \u201clos fundamentos y los hechos denunciados, aportando argumentos adicionales que considero indispensables para un an\u00e1lisis exhaustivo de su responsabilidad como magistrada, en virtud del mandato de transparencia y probidad que la Constituci\u00f3n y las leyes de la provincia de Entre R\u00edos imponen a quienes desempe\u00f1an funciones p\u00fablicas\u201d.<\/p>\n\n\n\n<p>Al pedido de Rossi se sum\u00f3 el de la <strong>ONG Entre R\u00edos sin Corrupci\u00f3n<\/strong>, que el mismo martes present\u00f3 una denuncia contra Schumacher ante la Comisi\u00f3n de Juicio Pol\u00edtico de Diputados. Lo que se desconoc\u00eda es que camino tomar\u00eda la C\u00e1mara con los nuevos pedidos. Las dudas se incrementaron por la forma en que se comunic\u00f3 el rechazo del primer pedido de Rossi, \u00aben un p\u00e1rrafo escondido en el final de una extensa cr\u00f3nica que dio cuenta de los temas tratados en la C\u00e1mara\u00bb. Se estima que la prensa de la C\u00e1mara entendi\u00f3 que el tr\u00e1mite y su abordaje no demandaban m\u00e1s desarrollo que un exiguo p\u00e1rrafo.<\/p>\n\n\n\n<p>Rossi ampli\u00f3 que \u201ces inadmisible que un miembro del m\u00e1ximo tribunal provincial, en un contexto de crisis econ\u00f3mica y demandas sociales de transparencia, se haya beneficiado de una discrecionalidad alarmante en el uso de licencias, permisos y vi\u00e1ticos. Esta conducta, denunciada p\u00fablicamente en diversos medios, incluye viajes y ausencias injustificadas en funciones esenciales\u201d, destac\u00f3<\/p>\n\n\n\n<p>El intendente puso el eje en que aquella conducta fue \u201cdenunciada p\u00fablicamente en diversos medios, incluye viajes y ausencias injustificadas en funciones esenciales. La Constituci\u00f3n de Entre R\u00edos, en su art\u00edculo 208, exige que los magistrados observen una conducta intachable y acorde con la dignidad de su cargo\u201d. La informaci\u00f3n aportada daba cuenta que Schumacher \u201chabr\u00eda incurrido en usos cuestionables de privilegios administrativos, como asistir a un recital en Buenos Aires, inmediatamente despu\u00e9s de un fallo que benefici\u00f3 al exgobernador Sergio Urribarri, lo que genera sospechas fundadas sobre una falta de responsabilidad \u00e9tica y profesional\u201d.<\/p>\n\n\n\n<p>Rossi adem\u00e1s destac\u00f3 que una de las publicaciones aportadas denunci\u00f3 \u201cirregularidades en el tr\u00e1mite del juicio pol\u00edtico a Schumacher, asegurando que la decisi\u00f3n de rechazar \u00abin limine\u00bb, el proceso ya hab\u00eda sido tomada previamente por la Comisi\u00f3n de Asuntos Constitucionales\u201d. As\u00ed, entendi\u00f3 que las afirmaciones \u201cson extremadamente graves, pues comprometen la imparcialidad y transparencia del procedimiento legislativo\u201d.<\/p>\n\n\n\n<p>Rossi subray\u00f3 que \u201cel art\u00edculo 139 de la Constituci\u00f3n de Entre R\u00edos establece que el juicio pol\u00edtico debe ser llevado a cabo con el m\u00e1ximo rigor y respeto a las garant\u00edas procesales, tanto para los acusados como para los denunciantes\u201d. De este modo, se\u00f1al\u00f3 que \u201cla parcialidad denunciada\u201d por la publicaci\u00f3n \u201csumada al hecho de que su medio recibe pauta oficial de las c\u00e1maras legislativas, afecta gravemente la legitimidad del proceso\u201d.<\/p>\n","protected":false},"excerpt":{"rendered":"<p>El forma simult&aacute;nea al rechazo de la C&aacute;mara de Diputados a la apertura de juicio pol&iacute;tico que promovi&oacute; Daniel Rossi contra la vocal del Superior Tribunal de Justicia de la provincia, Gisela Schumacher, el intendente de Santa Elena, present&oacute; una ampliaci&oacute;n el mismo martes por elementos nuevos que entendi&oacute; se deben investigar. Adem&aacute;s la ONG [&hellip;]<\/p>\n","protected":false},"author":2,"featured_media":7378,"comment_status":"open","ping_status":"open","sticky":false,"template":"","format":"standard","meta":{"footnotes":""},"categories":[90,11,4],"tags":[620,2698,1350,3083,1719],"class_list":["post-7376","post","type-post","status-publish","format-standard","has-post-thumbnail","hentry","category-judicial","category-politica","category-provinciales","tag-daniel-rossi","tag-gisela-schumacher","tag-juicio","tag-ong-entre-rios-sin-corrupcion","tag-politico"],"_links":{"self":[{"href":"https:\/\/impactodenoticias.com.ar\/index.php?rest_route=\/wp\/v2\/posts\/7376","targetHints":{"allow":["GET"]}}],"collection":[{"href":"https:\/\/impactodenoticias.com.ar\/index.php?rest_route=\/wp\/v2\/posts"}],"about":[{"href":"https:\/\/impactodenoticias.com.ar\/index.php?rest_route=\/wp\/v2\/types\/post"}],"author":[{"embeddable":true,"href":"https:\/\/impactodenoticias.com.ar\/index.php?rest_route=\/wp\/v2\/users\/2"}],"replies":[{"embeddable":true,"href":"https:\/\/impactodenoticias.com.ar\/index.php?rest_route=%2Fwp%2Fv2%2Fcomments&post=7376"}],"version-history":[{"count":1,"href":"https:\/\/impactodenoticias.com.ar\/index.php?rest_route=\/wp\/v2\/posts\/7376\/revisions"}],"predecessor-version":[{"id":7379,"href":"https:\/\/impactodenoticias.com.ar\/index.php?rest_route=\/wp\/v2\/posts\/7376\/revisions\/7379"}],"wp:featuredmedia":[{"embeddable":true,"href":"https:\/\/impactodenoticias.com.ar\/index.php?rest_route=\/wp\/v2\/media\/7378"}],"wp:attachment":[{"href":"https:\/\/impactodenoticias.com.ar\/index.php?rest_route=%2Fwp%2Fv2%2Fmedia&parent=7376"}],"wp:term":[{"taxonomy":"category","embeddable":true,"href":"https:\/\/impactodenoticias.com.ar\/index.php?rest_route=%2Fwp%2Fv2%2Fcategories&post=7376"},{"taxonomy":"post_tag","embeddable":true,"href":"https:\/\/impactodenoticias.com.ar\/index.php?rest_route=%2Fwp%2Fv2%2Ftags&post=7376"}],"curies":[{"name":"wp","href":"https:\/\/api.w.org\/{rel}","templated":true}]}}