{"id":7383,"date":"2024-11-21T09:48:46","date_gmt":"2024-11-21T12:48:46","guid":{"rendered":"https:\/\/impactodenoticias.com.ar\/?p=7383"},"modified":"2024-11-21T09:51:57","modified_gmt":"2024-11-21T12:51:57","slug":"clima-en-entre-rios-anuncian-un-jueves-con-temperaturas-agradables-se-esperan-temperaturas-cercanas-a-los-29-grados","status":"publish","type":"post","link":"https:\/\/impactodenoticias.com.ar\/?p=7383","title":{"rendered":"Clima en Entre R\u00edos: anuncian un jueves con temperaturas agradables. Se esperan marcas t\u00e9rmicas cercanas a los 29 grados"},"content":{"rendered":"\n<h3 class=\"wp-block-heading\">El pron\u00f3stico anticipa otra jornada agradable en Entre R\u00edos. Para hoy en Entre R\u00edos se anuncian temperaturas de hasta 29 grados, mientras que el cielo se presentar\u00e1 con nubosidad.<\/h3>\n\n\n\n<p>El Servicio Meteorol\u00f3gico Nacional (SMN) informa que este ser\u00e1 un jueves con marcas t\u00e9rmicas agradables en Entre R\u00edos. Se pronostica que las m\u00e1ximas ronden los 28 grados en algunas localidades y las m\u00ednimas los 16.<\/p>\n\n\n\n<p>El viernes, los registros t\u00e9rmicos ya podr\u00edan superar los 30 grados y el sol ser\u00e1 el protagonista principal.<\/p>\n\n\n\n<p>Mientras que para el s\u00e1bado y el domingo las jornadas ser\u00edan m\u00e1s calurosas, pudiendo llegar en el \u00faltimo d\u00eda del fin de semana los 35 grados<\/p>\n\n\n\n<p><\/p>\n\n\n\n<p><strong>El clima para esta jornada en las principales ciudades entrerrianas<\/strong><\/p>\n\n\n\n<p><\/p>\n\n\n\n<figure class=\"wp-block-image size-full\"><img loading=\"lazy\" decoding=\"async\" width=\"680\" height=\"555\" src=\"https:\/\/impactodenoticias.com.ar\/wp-content\/uploads\/2024\/11\/scrnli_DRN7xTmqGB491f.png\" alt=\"\" class=\"wp-image-7384\" srcset=\"https:\/\/impactodenoticias.com.ar\/wp-content\/uploads\/2024\/11\/scrnli_DRN7xTmqGB491f.png 680w, https:\/\/impactodenoticias.com.ar\/wp-content\/uploads\/2024\/11\/scrnli_DRN7xTmqGB491f-300x245.png 300w\" sizes=\"auto, (max-width: 680px) 100vw, 680px\" \/><\/figure>\n\n\n\n<p><\/p>\n\n\n\n<p>En Paran\u00e1, La Paz, Villaguay, Diamante y Nogoy\u00e1 la m\u00ednima ser\u00e1 de 16 grados y la m\u00e1xima alcanzar\u00e1 los 29 grados. En la capital y alrededores se anuncia una jornada parcialmente nublada.<\/p>\n\n\n\n<p>Mientras que en Concordia, Federal, Feliciano, Federaci\u00f3n y San Salvador, en tanto, se espera una m\u00ednima de 16 grados y una m\u00e1xima de 27 grados. All\u00ed tambi\u00e9n se prev\u00e9 un d\u00eda con algunas nubes.<\/p>\n\n\n\n<p>En Gualeguaych\u00fa, Col\u00f3n, Uruguay, Tala e Islas, por \u00faltimo, se pronostica una m\u00ednima de 16 grados y una m\u00e1xima de 28 grados.<\/p>\n","protected":false},"excerpt":{"rendered":"<p>El pron&oacute;stico anticipa otra jornada agradable en Entre R&iacute;os. Para hoy en Entre R&iacute;os se anuncian temperaturas de hasta 29 grados, mientras que el cielo se presentar&aacute; con nubosidad. El Servicio Meteorol&oacute;gico Nacional (SMN) informa que este ser&aacute; un jueves con marcas t&eacute;rmicas agradables en Entre R&iacute;os. Se pronostica que las m&aacute;ximas ronden los 28 [&hellip;]<\/p>\n","protected":false},"author":2,"featured_media":6995,"comment_status":"open","ping_status":"open","sticky":false,"template":"","format":"standard","meta":{"footnotes":""},"categories":[4,49],"tags":[38,33],"class_list":["post-7383","post","type-post","status-publish","format-standard","has-post-thumbnail","hentry","category-provinciales","category-sociedad","tag-clima","tag-entre-rios"],"_links":{"self":[{"href":"https:\/\/impactodenoticias.com.ar\/index.php?rest_route=\/wp\/v2\/posts\/7383","targetHints":{"allow":["GET"]}}],"collection":[{"href":"https:\/\/impactodenoticias.com.ar\/index.php?rest_route=\/wp\/v2\/posts"}],"about":[{"href":"https:\/\/impactodenoticias.com.ar\/index.php?rest_route=\/wp\/v2\/types\/post"}],"author":[{"embeddable":true,"href":"https:\/\/impactodenoticias.com.ar\/index.php?rest_route=\/wp\/v2\/users\/2"}],"replies":[{"embeddable":true,"href":"https:\/\/impactodenoticias.com.ar\/index.php?rest_route=%2Fwp%2Fv2%2Fcomments&post=7383"}],"version-history":[{"count":2,"href":"https:\/\/impactodenoticias.com.ar\/index.php?rest_route=\/wp\/v2\/posts\/7383\/revisions"}],"predecessor-version":[{"id":7386,"href":"https:\/\/impactodenoticias.com.ar\/index.php?rest_route=\/wp\/v2\/posts\/7383\/revisions\/7386"}],"wp:featuredmedia":[{"embeddable":true,"href":"https:\/\/impactodenoticias.com.ar\/index.php?rest_route=\/wp\/v2\/media\/6995"}],"wp:attachment":[{"href":"https:\/\/impactodenoticias.com.ar\/index.php?rest_route=%2Fwp%2Fv2%2Fmedia&parent=7383"}],"wp:term":[{"taxonomy":"category","embeddable":true,"href":"https:\/\/impactodenoticias.com.ar\/index.php?rest_route=%2Fwp%2Fv2%2Fcategories&post=7383"},{"taxonomy":"post_tag","embeddable":true,"href":"https:\/\/impactodenoticias.com.ar\/index.php?rest_route=%2Fwp%2Fv2%2Ftags&post=7383"}],"curies":[{"name":"wp","href":"https:\/\/api.w.org\/{rel}","templated":true}]}}