{"id":7387,"date":"2024-11-21T09:55:41","date_gmt":"2024-11-21T12:55:41","guid":{"rendered":"https:\/\/impactodenoticias.com.ar\/?p=7387"},"modified":"2024-11-21T09:55:41","modified_gmt":"2024-11-21T12:55:41","slug":"una-mujer-cruzo-la-calle-y-fue-embestida-por-una-moto-conducida-por-una-mujer-ambas-fueron-hospitalizadas","status":"publish","type":"post","link":"https:\/\/impactodenoticias.com.ar\/?p=7387","title":{"rendered":"Una mujer cruz\u00f3 la calle y fue embestida por una moto conducida por una mujer, ambas fueron hospitalizadas"},"content":{"rendered":"\n<p class=\"has-medium-font-size\"><strong>Dos vecinas de San Salvador tuvieron que ser trasladadas al hospital este mi\u00e9rcoles, despu\u00e9s que una de ellas fuera atropellada por la otra, que circulaba en moto.<\/strong><\/p>\n\n\n\n<p>Dos mujeres fueron hospitalizadas este mi\u00e9rcoles en San Salvador cuando una de ellas, que iba en moto, atropell\u00f3 a la otra mientras intentaba cruzar avenida con bulevar. Ambas sufrieron lesiones leves.<\/p>\n\n\n\n<p>El accidente vial se produjo a las 18:45, sobre el bulevar Villaguay (ex ruta 18) entre las calles Irigoyen y Av. de Los Rusos.<\/p>\n\n\n\n<p>La mujer de 43 a\u00f1os intentaba cruzar caminando cuando por causas que se investigan la choc\u00f3 una joven de 21 a\u00f1os de edad que circulaba en moto.<\/p>\n\n\n\n<p>Tras el accidente vial, ambas fueron trasladadas en ambulancia hacia el hospital local, con lesiones leves.<\/p>\n\n\n\n<p>Intervino en el hecho personal policial de la comisar\u00eda de Minoridad y Violencia Familiar y del Gabinete Criminal\u00edstico.<\/p>\n","protected":false},"excerpt":{"rendered":"<p>Dos vecinas de San Salvador tuvieron que ser trasladadas al hospital este mi&eacute;rcoles, despu&eacute;s que una de ellas fuera atropellada por la otra, que circulaba en moto. Dos mujeres fueron hospitalizadas este mi&eacute;rcoles en San Salvador cuando una de ellas, que iba en moto, atropell&oacute; a la otra mientras intentaba cruzar avenida con bulevar. Ambas [&hellip;]<\/p>\n","protected":false},"author":2,"featured_media":7388,"comment_status":"open","ping_status":"open","sticky":false,"template":"","format":"standard","meta":{"footnotes":""},"categories":[8,4],"tags":[3084,3085,388,639],"class_list":["post-7387","post","type-post","status-publish","format-standard","has-post-thumbnail","hentry","category-policiales","category-provinciales","tag-embestida","tag-hospitalizadas","tag-moto","tag-san-salvador"],"_links":{"self":[{"href":"https:\/\/impactodenoticias.com.ar\/index.php?rest_route=\/wp\/v2\/posts\/7387","targetHints":{"allow":["GET"]}}],"collection":[{"href":"https:\/\/impactodenoticias.com.ar\/index.php?rest_route=\/wp\/v2\/posts"}],"about":[{"href":"https:\/\/impactodenoticias.com.ar\/index.php?rest_route=\/wp\/v2\/types\/post"}],"author":[{"embeddable":true,"href":"https:\/\/impactodenoticias.com.ar\/index.php?rest_route=\/wp\/v2\/users\/2"}],"replies":[{"embeddable":true,"href":"https:\/\/impactodenoticias.com.ar\/index.php?rest_route=%2Fwp%2Fv2%2Fcomments&post=7387"}],"version-history":[{"count":1,"href":"https:\/\/impactodenoticias.com.ar\/index.php?rest_route=\/wp\/v2\/posts\/7387\/revisions"}],"predecessor-version":[{"id":7389,"href":"https:\/\/impactodenoticias.com.ar\/index.php?rest_route=\/wp\/v2\/posts\/7387\/revisions\/7389"}],"wp:featuredmedia":[{"embeddable":true,"href":"https:\/\/impactodenoticias.com.ar\/index.php?rest_route=\/wp\/v2\/media\/7388"}],"wp:attachment":[{"href":"https:\/\/impactodenoticias.com.ar\/index.php?rest_route=%2Fwp%2Fv2%2Fmedia&parent=7387"}],"wp:term":[{"taxonomy":"category","embeddable":true,"href":"https:\/\/impactodenoticias.com.ar\/index.php?rest_route=%2Fwp%2Fv2%2Fcategories&post=7387"},{"taxonomy":"post_tag","embeddable":true,"href":"https:\/\/impactodenoticias.com.ar\/index.php?rest_route=%2Fwp%2Fv2%2Ftags&post=7387"}],"curies":[{"name":"wp","href":"https:\/\/api.w.org\/{rel}","templated":true}]}}