{"id":7393,"date":"2024-11-21T10:11:02","date_gmt":"2024-11-21T13:11:02","guid":{"rendered":"https:\/\/impactodenoticias.com.ar\/?p=7393"},"modified":"2024-11-22T10:08:15","modified_gmt":"2024-11-22T13:08:15","slug":"solicitan-ayuda-a-la-comunidad-para-encontrar-a-una-joven-desaparecida-en-parana","status":"publish","type":"post","link":"https:\/\/impactodenoticias.com.ar\/?p=7393","title":{"rendered":"Solicitan ayuda a la comunidad para encontrar a una joven desaparecida en Paran\u00e1"},"content":{"rendered":"\n<h3 class=\"wp-block-heading\">Piden difusi\u00f3n urgente para localizar a una joven de 22 a\u00f1os de quien no se tienen novedades en Paran\u00e1, desde el mi\u00e9rcoles por la ma\u00f1ana.<\/h3>\n\n\n\n<p>Desde la Unidad Fiscal de Ni\u00f1os, Ni\u00f1as y Adolescentes de Paran\u00e1 se solicita la colaboraci\u00f3n de la ciudadan\u00eda con el fin de dar con el paradero de Anah\u00ed Depardon, de 22 a\u00f1os, quien se habr\u00eda retirado alrededor de las 8 de este mi\u00e9rcoles, sin tener noticias desde entonces.<\/p>\n\n\n\n<p>Depardon mide aproximadamente 1.65 mts. de altura, es de contextura f\u00edsica delgada, tiene tez blanca, ojos color oscuros, pelo color oscuro tipo enrulado.<\/p>\n\n\n\n<p>Al momento de ausentarse vest\u00eda una remera mangas cortas color amarilla, calza color negra, par de zapatillas color oscuras y una campera color negra.<\/p>\n\n\n\n<p>Cualquier informaci\u00f3n sobre el paradero puede suministrarse al 911, a la Mesa de Informaci\u00f3n Permanente del Poder Judicial 0800 4446372 o comunic\u00e1ndose a la Comisar\u00eda Cuarta.<\/p>\n","protected":false},"excerpt":{"rendered":"<p>Piden difusi&oacute;n urgente para localizar a una joven de 22 a&ntilde;os de quien no se tienen novedades en Paran&aacute;, desde el mi&eacute;rcoles por la ma&ntilde;ana. Desde la Unidad Fiscal de Ni&ntilde;os, Ni&ntilde;as y Adolescentes de Paran&aacute; se solicita la colaboraci&oacute;n de la ciudadan&iacute;a con el fin de dar con el paradero de Anah&iacute; Depardon, de [&hellip;]<\/p>\n","protected":false},"author":2,"featured_media":7394,"comment_status":"open","ping_status":"open","sticky":false,"template":"","format":"standard","meta":{"footnotes":""},"categories":[3,8],"tags":[3087,251,95],"class_list":["post-7393","post","type-post","status-publish","format-standard","has-post-thumbnail","hentry","category-locales","category-policiales","tag-anahi-depardon","tag-busqueda","tag-parana"],"_links":{"self":[{"href":"https:\/\/impactodenoticias.com.ar\/index.php?rest_route=\/wp\/v2\/posts\/7393","targetHints":{"allow":["GET"]}}],"collection":[{"href":"https:\/\/impactodenoticias.com.ar\/index.php?rest_route=\/wp\/v2\/posts"}],"about":[{"href":"https:\/\/impactodenoticias.com.ar\/index.php?rest_route=\/wp\/v2\/types\/post"}],"author":[{"embeddable":true,"href":"https:\/\/impactodenoticias.com.ar\/index.php?rest_route=\/wp\/v2\/users\/2"}],"replies":[{"embeddable":true,"href":"https:\/\/impactodenoticias.com.ar\/index.php?rest_route=%2Fwp%2Fv2%2Fcomments&post=7393"}],"version-history":[{"count":1,"href":"https:\/\/impactodenoticias.com.ar\/index.php?rest_route=\/wp\/v2\/posts\/7393\/revisions"}],"predecessor-version":[{"id":7395,"href":"https:\/\/impactodenoticias.com.ar\/index.php?rest_route=\/wp\/v2\/posts\/7393\/revisions\/7395"}],"wp:featuredmedia":[{"embeddable":true,"href":"https:\/\/impactodenoticias.com.ar\/index.php?rest_route=\/wp\/v2\/media\/7394"}],"wp:attachment":[{"href":"https:\/\/impactodenoticias.com.ar\/index.php?rest_route=%2Fwp%2Fv2%2Fmedia&parent=7393"}],"wp:term":[{"taxonomy":"category","embeddable":true,"href":"https:\/\/impactodenoticias.com.ar\/index.php?rest_route=%2Fwp%2Fv2%2Fcategories&post=7393"},{"taxonomy":"post_tag","embeddable":true,"href":"https:\/\/impactodenoticias.com.ar\/index.php?rest_route=%2Fwp%2Fv2%2Ftags&post=7393"}],"curies":[{"name":"wp","href":"https:\/\/api.w.org\/{rel}","templated":true}]}}