{"id":7437,"date":"2024-11-22T09:47:39","date_gmt":"2024-11-22T12:47:39","guid":{"rendered":"https:\/\/impactodenoticias.com.ar\/?p=7437"},"modified":"2024-11-23T10:23:38","modified_gmt":"2024-11-23T13:23:38","slug":"con-el-regreso-del-entrerriano-marcos-kremer-los-pumas-jugan-a-hoy-con-francia","status":"publish","type":"post","link":"https:\/\/impactodenoticias.com.ar\/?p=7437","title":{"rendered":"Con el regreso del entrerriano Marcos Kremer, Los Pumas juegan a hoy con Francia"},"content":{"rendered":"\n<p class=\"has-medium-font-size\"><strong>El encuentro se jugar\u00e1 en el Stade de France (Par\u00eds) desde las 17.10 (hora de nuestro pa\u00eds), con el arbitraje del brit\u00e1nico Luke Pearce y la televisaci\u00f3n de ESPN 2 y Disney+.<\/strong><\/p>\n\n\n\n<p>La selecci\u00f3n argentina de rugby Los Pumas, buscar\u00e1 hoy un triunfo ante Francia, en su \u00faltimo partido de la ventana de noviembre, conocida en Europa como Autumn Nations Series.<\/p>\n\n\n\n<p><\/p>\n\n\n\n<blockquote class=\"twitter-tweet\"><p lang=\"es\" dir=\"ltr\">Calibrando en el Stade de France. \ud83c\udfaf<a href=\"https:\/\/twitter.com\/hashtag\/SomosLosPumas?src=hash&amp;ref_src=twsrc%5Etfw\">#SomosLosPumas<\/a> <a href=\"https:\/\/t.co\/DDReTdptjN\">pic.twitter.com\/DDReTdptjN<\/a><\/p>&mdash; Los Pumas (@lospumas) <a href=\"https:\/\/twitter.com\/lospumas\/status\/1859641960363065733?ref_src=twsrc%5Etfw\">November 21, 2024<\/a><\/blockquote> <script async src=\"https:\/\/platform.twitter.com\/widgets.js\" charset=\"utf-8\"><\/script>\n\n\n\n<p><\/p>\n\n\n\n<p>El encuentro se disputar\u00e1 en el Stade de France (Par\u00eds) desde las 17.10 (hora de nuestro pa\u00eds), con el arbitraje del brit\u00e1nico Luke Pearce y televisaci\u00f3n de ESPN 2 y Disney+. No obstante el entrerriano Marcos Kremer arrancar\u00e1 desde el banco, muy posiblemente pueda ingresar con el correr de los minutos, ya que tuvo un excelente rendimiento en los entrenamientos previos.<\/p>\n\n\n\n<p>\u201cLa clave es la energ\u00eda y todo lo que a uno lo caracteriza volcarlo en los minutos que toquen. No podes fallar\u201c, dijo a ESPN, el Puma entrerriano.<\/p>\n\n\n\n<p>Los Pumas vienen de caer en un brutal partido ante Irlanda -vigente bicampe\u00f3n del Seis Naciones- por 22 a 19. Previamente el equipo albiceleste aplast\u00f3 a Italia por 50 a 18.<\/p>\n\n\n\n<p>En su primer a\u00f1o como Head Cpach, Felipe Contepomi elev\u00f3 la vara del rendimiento con minutos para varios debutantes, que van concretando el recambio de cara al Mundial de Australia 2027.<\/p>\n\n\n\n<p>El \u00fanico cambio entre los titulares albicelestes para hoy ser\u00e1 el ingreso del medio scrum Gonzalo Garc\u00eda por Gonzalo Bertranou, mientras que en el banco de suplentes reaparecer\u00e1n el tercera l\u00ednea Marcos Kremer, el wing Mateo Carreras y el medio scrum Lautaro Baz\u00e1n V\u00e9lez.<\/p>\n\n\n\n<p>Por su parte el XV franc\u00e9s viene de anotarse un triunfo con lo justo ante Nueva Zelanda (30 a 29) en el segundo duelo de esta ventana. Antes venci\u00f3 a Jap\u00f3n por 52 a 12.<\/p>\n\n\n\n<p>Esta ser\u00e1 la tercera vez que se ver\u00e1n las caras en el a\u00f1o ambos seleccionados, ya que en el mes de julio tuvieron dos cruces, en el que qued\u00f3 como saldo un triunfo por lado. Ambos partidos se disputaron en Argentina y los franceses presentaron una alineaci\u00f3n alternativa.<\/p>\n\n\n\n<p>El dato relevante es que Los Pumas intentar\u00e1n vencer al equipo titular de Francia tras de 10 a\u00f1os, ya que la \u00faltima vez fue 2014, cuando se impuso en el Stade de France (mismo lugar de este viernes) por 18 a 13.<\/p>\n\n\n\n<p><strong>Las formaciones de ambos equipos<\/strong><\/p>\n\n\n\n<p><strong>As\u00ed saldr\u00e1n a la cancha hoy a las 17.10:<\/strong><\/p>\n\n\n\n<p>Argentina: 1. Thomas Gallo, 2. Juli\u00e1n Montoya (capit\u00e1n), 3. Joel Sclavi; 4. Guido Petti y 5. Pedro Rubiolo; 6. Pablo Matera, 7. Juan Mart\u00edn Gonz\u00e1lez, 8. Joaqu\u00edn Oviedo; 9. Gonzalo Garc\u00eda y 10. Tom\u00e1s Albornoz; 11. Bautista Delguy, 12. Mat\u00edas Moroni, 13. Lucio Cinti, 14. Rodrigo Isgr\u00f3; 15. Juan Cruz Mall\u00eda. Entrenador, Felipe Contepomi.<\/p>\n\n\n\n<p>En el banco: Ignacio Ruiz, 17. Ignacio Calles, 18. Francisco G\u00f3mez Kodela, 19. Franco Molina, 20. Marcos Kremer, 21. Lautaro Baz\u00e1n V\u00e9lez, 22. Santiago Carreras y 23. Mateo Carreras.<\/p>\n\n\n\n<p>Francia: Jean-Baptiste Gros, Peato Mauvaka, Uini Atonio; Thibaud Flament y Emmanuel Meafou; Francois Cros, Paul Boudehent, Charles Ollivon; Antoine Dupont y Thomas Ramos; Louis Bielle-Biarrey, Yoram Moefana, Gael Fickou, Gabin Villiere; L\u00e9o Barr\u00e9. Entrenador, Fabien Galthi\u00e9.<\/p>\n\n\n\n<p>En el banco: Julien Marchand, 17. Reda Wardi, 18. Georges-Henri Colombe, 19. Alexandre Roumat, 20. Mickael Guillard, 21. Marko Gazzotti, 22. Nolann Le Garrec y 23. Emilien Gailleton.<\/p>\n","protected":false},"excerpt":{"rendered":"<p>El encuentro se jugar&aacute; en el Stade de France (Par&iacute;s) desde las 17.10 (hora de nuestro pa&iacute;s), con el arbitraje del brit&aacute;nico Luke Pearce y la televisaci&oacute;n de ESPN 2 y Disney+. La selecci&oacute;n argentina de rugby Los Pumas, buscar&aacute; hoy un triunfo ante Francia, en su &uacute;ltimo partido de la ventana de noviembre, conocida [&hellip;]<\/p>\n","protected":false},"author":2,"featured_media":7438,"comment_status":"open","ping_status":"open","sticky":false,"template":"","format":"standard","meta":{"footnotes":""},"categories":[7,10],"tags":[3105,1604,3106],"class_list":["post-7437","post","type-post","status-publish","format-standard","has-post-thumbnail","hentry","category-deportes","category-nacionales","tag-francia","tag-los-pumas","tag-marcos-kremer"],"_links":{"self":[{"href":"https:\/\/impactodenoticias.com.ar\/index.php?rest_route=\/wp\/v2\/posts\/7437","targetHints":{"allow":["GET"]}}],"collection":[{"href":"https:\/\/impactodenoticias.com.ar\/index.php?rest_route=\/wp\/v2\/posts"}],"about":[{"href":"https:\/\/impactodenoticias.com.ar\/index.php?rest_route=\/wp\/v2\/types\/post"}],"author":[{"embeddable":true,"href":"https:\/\/impactodenoticias.com.ar\/index.php?rest_route=\/wp\/v2\/users\/2"}],"replies":[{"embeddable":true,"href":"https:\/\/impactodenoticias.com.ar\/index.php?rest_route=%2Fwp%2Fv2%2Fcomments&post=7437"}],"version-history":[{"count":3,"href":"https:\/\/impactodenoticias.com.ar\/index.php?rest_route=\/wp\/v2\/posts\/7437\/revisions"}],"predecessor-version":[{"id":7442,"href":"https:\/\/impactodenoticias.com.ar\/index.php?rest_route=\/wp\/v2\/posts\/7437\/revisions\/7442"}],"wp:featuredmedia":[{"embeddable":true,"href":"https:\/\/impactodenoticias.com.ar\/index.php?rest_route=\/wp\/v2\/media\/7438"}],"wp:attachment":[{"href":"https:\/\/impactodenoticias.com.ar\/index.php?rest_route=%2Fwp%2Fv2%2Fmedia&parent=7437"}],"wp:term":[{"taxonomy":"category","embeddable":true,"href":"https:\/\/impactodenoticias.com.ar\/index.php?rest_route=%2Fwp%2Fv2%2Fcategories&post=7437"},{"taxonomy":"post_tag","embeddable":true,"href":"https:\/\/impactodenoticias.com.ar\/index.php?rest_route=%2Fwp%2Fv2%2Ftags&post=7437"}],"curies":[{"name":"wp","href":"https:\/\/api.w.org\/{rel}","templated":true}]}}