{"id":7450,"date":"2024-11-22T12:19:45","date_gmt":"2024-11-22T15:19:45","guid":{"rendered":"https:\/\/impactodenoticias.com.ar\/?p=7450"},"modified":"2024-11-23T10:23:27","modified_gmt":"2024-11-23T13:23:27","slug":"solicitan-colaboracion-de-la-ciudadania-para-ubicar-a-una-joven-en-parana","status":"publish","type":"post","link":"https:\/\/impactodenoticias.com.ar\/?p=7450","title":{"rendered":"Solicitan colaboraci\u00f3n de la ciudadan\u00eda para ubicar a una joven en Paran\u00e1"},"content":{"rendered":"\n<h3 class=\"wp-block-heading\">La Unidad Fiscal de Ni\u00f1os, Ni\u00f1as y Adolescentes de Paran\u00e1 solicita colaboraci\u00f3n de la ciudadan\u00eda, para localizar a Sof\u00eda Annelice Coronel, de 16 a\u00f1os, quien se habr\u00eda retirado este jueves de su domicilio, cerca de las 21.30, aproximadamente, sin tener noticias desde entonces.<\/h3>\n\n\n\n<p>La joven Coronel mide aproximadamente 1,65 metros, es delgada, tiene pelo negro lacio y largo hasta la cintura, y tiene una cicatriz en la frente. Al momento de ausentarse vest\u00eda jeans claro y body negro. Llevaba una cartera chica y zapatillas rosadas.<\/p>\n\n\n\n<p>Cualquier informaci\u00f3n sobre su paradero puede suministrarse al 911, a la Mesa de Informaci\u00f3n Permanente del Poder Judicial (0800 444 6372) o comunic\u00e1ndose con la Divisi\u00f3n Minoridad y Violencia Familiar (0343 4209194) o la Comisar\u00eda Decimos\u00e9ptima(0343 4211002).<\/p>\n","protected":false},"excerpt":{"rendered":"<p>La Unidad Fiscal de Ni&ntilde;os, Ni&ntilde;as y Adolescentes de Paran&aacute; solicita colaboraci&oacute;n de la ciudadan&iacute;a, para localizar a Sof&iacute;a Annelice Coronel, de 16 a&ntilde;os, quien se habr&iacute;a retirado este jueves de su domicilio, cerca de las 21.30, aproximadamente, sin tener noticias desde entonces. La joven Coronel mide aproximadamente 1,65 metros, es delgada, tiene pelo negro [&hellip;]<\/p>\n","protected":false},"author":2,"featured_media":7451,"comment_status":"open","ping_status":"open","sticky":false,"template":"","format":"standard","meta":{"footnotes":""},"categories":[3,8],"tags":[251,95,3109],"class_list":["post-7450","post","type-post","status-publish","format-standard","has-post-thumbnail","hentry","category-locales","category-policiales","tag-busqueda","tag-parana","tag-sofia-annelice-coronel"],"_links":{"self":[{"href":"https:\/\/impactodenoticias.com.ar\/index.php?rest_route=\/wp\/v2\/posts\/7450","targetHints":{"allow":["GET"]}}],"collection":[{"href":"https:\/\/impactodenoticias.com.ar\/index.php?rest_route=\/wp\/v2\/posts"}],"about":[{"href":"https:\/\/impactodenoticias.com.ar\/index.php?rest_route=\/wp\/v2\/types\/post"}],"author":[{"embeddable":true,"href":"https:\/\/impactodenoticias.com.ar\/index.php?rest_route=\/wp\/v2\/users\/2"}],"replies":[{"embeddable":true,"href":"https:\/\/impactodenoticias.com.ar\/index.php?rest_route=%2Fwp%2Fv2%2Fcomments&post=7450"}],"version-history":[{"count":1,"href":"https:\/\/impactodenoticias.com.ar\/index.php?rest_route=\/wp\/v2\/posts\/7450\/revisions"}],"predecessor-version":[{"id":7452,"href":"https:\/\/impactodenoticias.com.ar\/index.php?rest_route=\/wp\/v2\/posts\/7450\/revisions\/7452"}],"wp:featuredmedia":[{"embeddable":true,"href":"https:\/\/impactodenoticias.com.ar\/index.php?rest_route=\/wp\/v2\/media\/7451"}],"wp:attachment":[{"href":"https:\/\/impactodenoticias.com.ar\/index.php?rest_route=%2Fwp%2Fv2%2Fmedia&parent=7450"}],"wp:term":[{"taxonomy":"category","embeddable":true,"href":"https:\/\/impactodenoticias.com.ar\/index.php?rest_route=%2Fwp%2Fv2%2Fcategories&post=7450"},{"taxonomy":"post_tag","embeddable":true,"href":"https:\/\/impactodenoticias.com.ar\/index.php?rest_route=%2Fwp%2Fv2%2Ftags&post=7450"}],"curies":[{"name":"wp","href":"https:\/\/api.w.org\/{rel}","templated":true}]}}