{"id":7467,"date":"2024-11-22T19:42:00","date_gmt":"2024-11-22T22:42:00","guid":{"rendered":"https:\/\/impactodenoticias.com.ar\/?p=7467"},"modified":"2024-11-23T10:23:02","modified_gmt":"2024-11-23T13:23:02","slug":"el-lunes-la-defensa-de-baez-presentara-el-recurso-cuestionando-la-preventiva-en-la-unidad-penal","status":"publish","type":"post","link":"https:\/\/impactodenoticias.com.ar\/?p=7467","title":{"rendered":"El lunes la defensa de B\u00e1ez presentar\u00e1 el recurso cuestionando la preventiva en la Unidad Penal"},"content":{"rendered":"\n<h3 class=\"wp-block-heading\">Los letrados defensores del exministro de Comunicaci\u00f3n y Cultura ya trabajan en la presentaci\u00f3n del recurso, que tratar\u00e1 revertir el encierro en la c\u00e1rcel del exfuncionario.<\/h3>\n\n\n\n<p>La defensa de Pedro B\u00e1ez tiene cinco d\u00edas para presentar el recurso de casaci\u00f3n y cuestionar la prisi\u00f3n preventiva en la Unidad Penal N\u00ba1 de Paran\u00e1. Sin embargo, se supo que este lunes a la ma\u00f1ana los abogados defensores Jos\u00e9 Vel\u00e1zquez e Ignacio D\u00edaz realizar\u00e1n la presentaci\u00f3n ante el mismo tribunal de Juicio y Apelaciones para que sea elevado a la C\u00e1mara de Casaci\u00f3n Penal de Paran\u00e1.<\/p>\n\n\n\n<p>Vel\u00e1zquez inform\u00f3 que ya se encuentra trabajando en el escrito casatorio para cuestionar la sentencia dictada en el mediod\u00eda de este viernes.<\/p>\n\n\n\n<p>En fallo dividido, los vocales Carolina Castagno, Juli\u00e1n Vergara y Elvio Garz\u00f3n decidieron que Pedro B\u00e1ez sea detenido y trasladado a la unidad carcelaria de Paran\u00e1.<\/p>\n\n\n\n<p>Castagno vot\u00f3 por mantener las restricciones que el exministro de Cultura y Comunicaci\u00f3n ya ten\u00eda, mientras que Vergara y Garz\u00f3n decidieron acompa\u00f1ar el pedido del Ministerio P\u00fablico Fiscal.<\/p>\n\n\n\n<p>Se precis\u00f3 el director general del Servicio Penitenciario de Entre R\u00edos, inspector general An\u00edbal Alejandro Miotti, en declaraciones televisivas, Pedro B\u00e1ez ir\u00eda a la misma habitaci\u00f3n donde est\u00e1n Sergio Urribarri y Juan Pablo Aguilera. Pero como el lugar tiene solo dos camas, le agregar\u00edan una cucheta. \u201cTendr\u00edamos que dejar una cama en una plaza y armar una cama en una cucheta\u201d. Ser\u00eda lo que tendr\u00edamos para un eventual alojamiento de B\u00e1ez en esas mismas condiciones\u201d, detall\u00f3 el funcionario provincial.<\/p>\n\n\n\n<p>Pedro B\u00e1ez y Juan Pablo Aguilera tienen una pena a 6 a\u00f1os y medio de prisi\u00f3n que est\u00e1 confirmada pero no est\u00e1 firme. Mientras que Urribarri tiene una condena a ocho a\u00f1os en iguales condiciones. Todos fueron sentenciados en el marco del megajuicio que se llev\u00f3 adelante en Paran\u00e1 entre 2021 y 2022. Eran cinco legajos por casos de corrupci\u00f3n.<\/p>\n\n\n\n<p>la posibilidad de libertad de Urribarri y Aguilera son diferentes a la de B\u00e1ez. Tanto el exgobernador como su cu\u00f1ado est\u00e1n esperando que se resuelva en la Sala Penal del Superior Tribunal de Justicia (STJ) un habeas corpus por considerar que las detenciones son violatorias de los derechos constitucionales de los condenados. Este procedimiento legal que protege la libertad cuando es amenazada de forma ilegal por una autoridad ya fue rechazado por la jueza de Garant\u00edas Carola Bacaluzzo y revisado por el vocal de Juicio y Apelaciones Gervasio Labriola, que lo deriv\u00f3 al m\u00e1ximo tribunal. Mientras esperan la resoluci\u00f3n del habeas corpus, Urribarri y Aguilera ya presentaron ante la C\u00e1mara de Casaci\u00f3n Penal el recurso de impugnaci\u00f3n extraordinario para llegar al STJ.<\/p>\n\n\n\n<p>No obstante, a\u00fan hoy no se han expedido las vocales Marcela Davite, Marcela Badano y Evangelina Bruzzo. En caso de rechazo, los abogados tendr\u00e1n que presentar un recurso de queja para llegar a la sala Penal del STJ y ah\u00ed aguardar que le den una respuesta sobre las detenciones preventivas por peligro de fuga.<\/p>\n\n\n\n<p>B\u00e1ez reci\u00e9n esperar\u00e1 la libertad el lunes cuando sus abogados defensores lleven a cabo la presentaci\u00f3n ante el tribunal que hoy dict\u00f3 la prisi\u00f3n preventiva.<\/p>\n","protected":false},"excerpt":{"rendered":"<p>Los letrados defensores del exministro de Comunicaci&oacute;n y Cultura ya trabajan en la presentaci&oacute;n del recurso, que tratar&aacute; revertir el encierro en la c&aacute;rcel del exfuncionario. La defensa de Pedro B&aacute;ez tiene cinco d&iacute;as para presentar el recurso de casaci&oacute;n y cuestionar la prisi&oacute;n preventiva en la Unidad Penal N&ordm;1 de Paran&aacute;. Sin embargo, se [&hellip;]<\/p>\n","protected":false},"author":2,"featured_media":7468,"comment_status":"open","ping_status":"open","sticky":false,"template":"","format":"standard","meta":{"footnotes":""},"categories":[90,4],"tags":[3066,2467,957,3121,3122],"class_list":["post-7467","post","type-post","status-publish","format-standard","has-post-thumbnail","hentry","category-judicial","category-provinciales","tag-pedro-baez","tag-preventiva","tag-prision","tag-recurso","tag-unidad-penal"],"_links":{"self":[{"href":"https:\/\/impactodenoticias.com.ar\/index.php?rest_route=\/wp\/v2\/posts\/7467","targetHints":{"allow":["GET"]}}],"collection":[{"href":"https:\/\/impactodenoticias.com.ar\/index.php?rest_route=\/wp\/v2\/posts"}],"about":[{"href":"https:\/\/impactodenoticias.com.ar\/index.php?rest_route=\/wp\/v2\/types\/post"}],"author":[{"embeddable":true,"href":"https:\/\/impactodenoticias.com.ar\/index.php?rest_route=\/wp\/v2\/users\/2"}],"replies":[{"embeddable":true,"href":"https:\/\/impactodenoticias.com.ar\/index.php?rest_route=%2Fwp%2Fv2%2Fcomments&post=7467"}],"version-history":[{"count":1,"href":"https:\/\/impactodenoticias.com.ar\/index.php?rest_route=\/wp\/v2\/posts\/7467\/revisions"}],"predecessor-version":[{"id":7469,"href":"https:\/\/impactodenoticias.com.ar\/index.php?rest_route=\/wp\/v2\/posts\/7467\/revisions\/7469"}],"wp:featuredmedia":[{"embeddable":true,"href":"https:\/\/impactodenoticias.com.ar\/index.php?rest_route=\/wp\/v2\/media\/7468"}],"wp:attachment":[{"href":"https:\/\/impactodenoticias.com.ar\/index.php?rest_route=%2Fwp%2Fv2%2Fmedia&parent=7467"}],"wp:term":[{"taxonomy":"category","embeddable":true,"href":"https:\/\/impactodenoticias.com.ar\/index.php?rest_route=%2Fwp%2Fv2%2Fcategories&post=7467"},{"taxonomy":"post_tag","embeddable":true,"href":"https:\/\/impactodenoticias.com.ar\/index.php?rest_route=%2Fwp%2Fv2%2Ftags&post=7467"}],"curies":[{"name":"wp","href":"https:\/\/api.w.org\/{rel}","templated":true}]}}