{"id":7470,"date":"2024-11-23T09:12:52","date_gmt":"2024-11-23T12:12:52","guid":{"rendered":"https:\/\/impactodenoticias.com.ar\/?p=7470"},"modified":"2024-11-23T09:12:53","modified_gmt":"2024-11-23T12:12:53","slug":"clima-en-entre-rios-alerta-amarillo-por-fuertes-tormentas-para-la-noche-del-domingo","status":"publish","type":"post","link":"https:\/\/impactodenoticias.com.ar\/?p=7470","title":{"rendered":"Clima en Entre R\u00edos: alerta amarillo por fuertes tormentas para la noche del domingo"},"content":{"rendered":"\n<h3 class=\"wp-block-heading\">El Servicio Meteorol\u00f3gico Nacional (SMN) pronostica que este fin de semana subir\u00e1n aun m\u00e1s las temperaturas y para el domingo por la noche se aguarda la llegada de fuertes inestabilidades que provocar\u00e1n un cambio de las condiciones del clima.<\/h3>\n\n\n\n<p>El SMN emiti\u00f3 un alerta por tormentas fuertes para Entre R\u00edos y otras provincias de la regi\u00f3n. Los mayores valores de precipitaci\u00f3n acumulada se esperan a partir de la noche del domingo 24 y continuar\u00edan el lunes de madrugada.<\/p>\n\n\n\n<p><\/p>\n\n\n\n<figure class=\"wp-block-gallery has-nested-images columns-default is-cropped wp-block-gallery-1 is-layout-flex wp-block-gallery-is-layout-flex\">\n<figure class=\"wp-block-image size-large\"><img loading=\"lazy\" decoding=\"async\" width=\"472\" height=\"800\" data-id=\"7471\" src=\"https:\/\/impactodenoticias.com.ar\/wp-content\/uploads\/2024\/11\/mapa_alertas-1-2.png\" alt=\"\" class=\"wp-image-7471\" srcset=\"https:\/\/impactodenoticias.com.ar\/wp-content\/uploads\/2024\/11\/mapa_alertas-1-2.png 472w, https:\/\/impactodenoticias.com.ar\/wp-content\/uploads\/2024\/11\/mapa_alertas-1-2-177x300.png 177w\" sizes=\"auto, (max-width: 472px) 100vw, 472px\" \/><\/figure>\n\n\n\n<figure class=\"wp-block-image size-large\"><img loading=\"lazy\" decoding=\"async\" width=\"472\" height=\"800\" data-id=\"7472\" src=\"https:\/\/impactodenoticias.com.ar\/wp-content\/uploads\/2024\/11\/mapa_alertas-3.png\" alt=\"\" class=\"wp-image-7472\" srcset=\"https:\/\/impactodenoticias.com.ar\/wp-content\/uploads\/2024\/11\/mapa_alertas-3.png 472w, https:\/\/impactodenoticias.com.ar\/wp-content\/uploads\/2024\/11\/mapa_alertas-3-177x300.png 177w\" sizes=\"auto, (max-width: 472px) 100vw, 472px\" \/><\/figure>\n<\/figure>\n\n\n\n<p><\/p>\n\n\n\n<p>Si bien las tormentas llegar\u00edan primero el domingo a los departamentos de la costa del Paran\u00e1, la advertencia meteorol\u00f3gica se extiende luego hacia los 17 departamentos de la provincia.<\/p>\n\n\n\n<p>\u201cEl \u00e1rea ser\u00e1 afectada por tormentas de variada intensidad, algunas localmente fuertes. Las mismas podr\u00e1n estar acompa\u00f1adas por abundante ca\u00edda de agua en cortos periodos, frecuente actividad el\u00e9ctrica, ca\u00edda de granizo y r\u00e1fagas intensas. Se prev\u00e9n valores de precipitaci\u00f3n acumulada entre 40 y 70 mil\u00edmetros, pudiendo ser superados en forma puntual\u201d, se\u00f1ala el comunicado del organismo nacional.<\/p>\n","protected":false},"excerpt":{"rendered":"<p>El Servicio Meteorol&oacute;gico Nacional (SMN) pronostica que este fin de semana subir&aacute;n aun m&aacute;s las temperaturas y para el domingo por la noche se aguarda la llegada de fuertes inestabilidades que provocar&aacute;n un cambio de las condiciones del clima. El SMN emiti&oacute; un alerta por tormentas fuertes para Entre R&iacute;os y otras provincias de la [&hellip;]<\/p>\n","protected":false},"author":2,"featured_media":7473,"comment_status":"open","ping_status":"open","sticky":false,"template":"","format":"standard","meta":{"footnotes":""},"categories":[4,49],"tags":[38,33],"class_list":["post-7470","post","type-post","status-publish","format-standard","has-post-thumbnail","hentry","category-provinciales","category-sociedad","tag-clima","tag-entre-rios"],"_links":{"self":[{"href":"https:\/\/impactodenoticias.com.ar\/index.php?rest_route=\/wp\/v2\/posts\/7470","targetHints":{"allow":["GET"]}}],"collection":[{"href":"https:\/\/impactodenoticias.com.ar\/index.php?rest_route=\/wp\/v2\/posts"}],"about":[{"href":"https:\/\/impactodenoticias.com.ar\/index.php?rest_route=\/wp\/v2\/types\/post"}],"author":[{"embeddable":true,"href":"https:\/\/impactodenoticias.com.ar\/index.php?rest_route=\/wp\/v2\/users\/2"}],"replies":[{"embeddable":true,"href":"https:\/\/impactodenoticias.com.ar\/index.php?rest_route=%2Fwp%2Fv2%2Fcomments&post=7470"}],"version-history":[{"count":1,"href":"https:\/\/impactodenoticias.com.ar\/index.php?rest_route=\/wp\/v2\/posts\/7470\/revisions"}],"predecessor-version":[{"id":7474,"href":"https:\/\/impactodenoticias.com.ar\/index.php?rest_route=\/wp\/v2\/posts\/7470\/revisions\/7474"}],"wp:featuredmedia":[{"embeddable":true,"href":"https:\/\/impactodenoticias.com.ar\/index.php?rest_route=\/wp\/v2\/media\/7473"}],"wp:attachment":[{"href":"https:\/\/impactodenoticias.com.ar\/index.php?rest_route=%2Fwp%2Fv2%2Fmedia&parent=7470"}],"wp:term":[{"taxonomy":"category","embeddable":true,"href":"https:\/\/impactodenoticias.com.ar\/index.php?rest_route=%2Fwp%2Fv2%2Fcategories&post=7470"},{"taxonomy":"post_tag","embeddable":true,"href":"https:\/\/impactodenoticias.com.ar\/index.php?rest_route=%2Fwp%2Fv2%2Ftags&post=7470"}],"curies":[{"name":"wp","href":"https:\/\/api.w.org\/{rel}","templated":true}]}}