{"id":7540,"date":"2024-11-24T12:02:11","date_gmt":"2024-11-24T15:02:11","guid":{"rendered":"https:\/\/impactodenoticias.com.ar\/?p=7540"},"modified":"2024-11-25T12:01:35","modified_gmt":"2024-11-25T15:01:35","slug":"este-programa-economico-destruye-al-trabajador-quiebra-la-industria-y-genera-un-pais-muy-desigual-destaco-michel","status":"publish","type":"post","link":"https:\/\/impactodenoticias.com.ar\/?p=7540","title":{"rendered":"\u00abEste programa econ\u00f3mico destruye al trabajador, quiebra la industria y genera un pa\u00eds muy desigual\u201d, destac\u00f3 Michel"},"content":{"rendered":"\n<p class=\"has-medium-font-size\"><strong>El ex Director de Aduanas, el entrerriano Guillermo Michel, cuestion\u00f3 las pol\u00edticas econ\u00f3micas del gobierno de Milei: se\u00f1al\u00f3 que la macroeconom\u00eda \u201cest\u00e1 contenida de manera artificial\u00bb, por medio de herramientas como el carry trade y un super\u00e1vit fiscal obtenido \u00abcon el artificio de capitalizar los intereses y no registrarlos\u00bb.<\/strong><\/p>\n\n\n\n<p>Guillermo Michel se\u00f1al\u00f3 que el verdadero problema radica en la microeconom\u00eda, que refleja una \u00abca\u00edda en el comercio, la industria, la construcci\u00f3n y el consumo b\u00e1sico, como leche y carne\u00bb.<\/p>\n\n\n\n<p>El dirigente subray\u00f3 que las medidas econ\u00f3micas adoptadas por el gobierno est\u00e1n afectando al empleo y la producci\u00f3n nacional, al respecto indic\u00f3: \u00abAc\u00e1 lo que vemos es un programa econ\u00f3mico que destruye al trabajador y lo que quiere es quebrar la industria y generar un pa\u00eds muy desigual\u201d.<\/p>\n\n\n\n<p>El referente del Frente Renovador agreg\u00f3 con preocupaci\u00f3n la mensura del sacrificio que est\u00e1 realizando la gente con su bolsillo, ya que \u201cdetr\u00e1s de los n\u00fameros que vemos, hay familias, hay trabajadores, hay empresarios\u201d.<\/p>\n\n\n\n<p>Y adem\u00e1s critic\u00f3 y se\u00f1al\u00f3 la promesa no cumplida de Milei de bajar los impuestos. \u201cSubi\u00f3 el impuesto PAIS, el impuesto a las ganancias y a los combustibles, subi\u00f3 el monotributo y elimin\u00f3 la devoluci\u00f3n del IVA. Y solo baj\u00f3 los impuestos de bienes personales a los contribuyentes con cuentas en el exterior. Estos fueron los \u00fanicos beneficiados en este esquema\u201d.<\/p>\n\n\n\n<p>Michel hizo una comparaci\u00f3n con modelos internacionales, precisando que \u00abno existe en el mundo un pa\u00eds con m\u00e1s 20 millones de habitantes, que se pueda desarrollar sin industria\u00bb.<\/p>\n\n\n\n<p>Concluyendo, calific\u00f3 de parad\u00f3jico el hecho de que Javier Milei, el cual se inspira en Donald Trump, tome medidas contrarias a las del recientemente electo presidente estadounidense, ya que \u00e9ste \u00abprotege al trabajador y a la industria americana\u00bb y la gesti\u00f3n actual realiza todo lo contrario\u201d.<\/p>\n","protected":false},"excerpt":{"rendered":"<p>El ex Director de Aduanas, el entrerriano Guillermo Michel, cuestion&oacute; las pol&iacute;ticas econ&oacute;micas del gobierno de Milei: se&ntilde;al&oacute; que la macroeconom&iacute;a &ldquo;est&aacute; contenida de manera artificial&raquo;, por medio de herramientas como el carry trade y un super&aacute;vit fiscal obtenido &laquo;con el artificio de capitalizar los intereses y no registrarlos&raquo;. Guillermo Michel se&ntilde;al&oacute; que el verdadero [&hellip;]<\/p>\n","protected":false},"author":2,"featured_media":7541,"comment_status":"open","ping_status":"open","sticky":false,"template":"","format":"standard","meta":{"footnotes":""},"categories":[10,11],"tags":[433,46,212],"class_list":["post-7540","post","type-post","status-publish","format-standard","has-post-thumbnail","hentry","category-nacionales","category-politica","tag-gobierno","tag-guillermo-michel","tag-javier-milei"],"_links":{"self":[{"href":"https:\/\/impactodenoticias.com.ar\/index.php?rest_route=\/wp\/v2\/posts\/7540","targetHints":{"allow":["GET"]}}],"collection":[{"href":"https:\/\/impactodenoticias.com.ar\/index.php?rest_route=\/wp\/v2\/posts"}],"about":[{"href":"https:\/\/impactodenoticias.com.ar\/index.php?rest_route=\/wp\/v2\/types\/post"}],"author":[{"embeddable":true,"href":"https:\/\/impactodenoticias.com.ar\/index.php?rest_route=\/wp\/v2\/users\/2"}],"replies":[{"embeddable":true,"href":"https:\/\/impactodenoticias.com.ar\/index.php?rest_route=%2Fwp%2Fv2%2Fcomments&post=7540"}],"version-history":[{"count":1,"href":"https:\/\/impactodenoticias.com.ar\/index.php?rest_route=\/wp\/v2\/posts\/7540\/revisions"}],"predecessor-version":[{"id":7542,"href":"https:\/\/impactodenoticias.com.ar\/index.php?rest_route=\/wp\/v2\/posts\/7540\/revisions\/7542"}],"wp:featuredmedia":[{"embeddable":true,"href":"https:\/\/impactodenoticias.com.ar\/index.php?rest_route=\/wp\/v2\/media\/7541"}],"wp:attachment":[{"href":"https:\/\/impactodenoticias.com.ar\/index.php?rest_route=%2Fwp%2Fv2%2Fmedia&parent=7540"}],"wp:term":[{"taxonomy":"category","embeddable":true,"href":"https:\/\/impactodenoticias.com.ar\/index.php?rest_route=%2Fwp%2Fv2%2Fcategories&post=7540"},{"taxonomy":"post_tag","embeddable":true,"href":"https:\/\/impactodenoticias.com.ar\/index.php?rest_route=%2Fwp%2Fv2%2Ftags&post=7540"}],"curies":[{"name":"wp","href":"https:\/\/api.w.org\/{rel}","templated":true}]}}