{"id":7543,"date":"2024-11-24T12:08:10","date_gmt":"2024-11-24T15:08:10","guid":{"rendered":"https:\/\/impactodenoticias.com.ar\/?p=7543"},"modified":"2024-11-24T12:08:10","modified_gmt":"2024-11-24T15:08:10","slug":"se-consolida-el-consorcio-de-bovril-para-la-gestion-de-residuos-en-el-norte-provincial","status":"publish","type":"post","link":"https:\/\/impactodenoticias.com.ar\/?p=7543","title":{"rendered":"Se consolida el consorcio de Bovril para la gesti\u00f3n de residuos en el norte provincial"},"content":{"rendered":"\n<h3 class=\"wp-block-heading\">En el recinto del Honorable Concejo Deliberante (HCD) de Bovril, se firm\u00f3 un acta acuerdo con el objetivo de generar propuestas para el tratamiento y disposici\u00f3n de residuos s\u00f3lidos urbanos (RSU) de forma articulada y conjunta en el norte provincial. Participaron autoridades locales y provinciales.<\/h3>\n\n\n\n<p>Este acuerdo represent\u00f3 el primer paso para comenzar el proceso de institucionalizaci\u00f3n del consorcio. El mismo fue firmado por los presidentes municipales de Hasemkamp, Hern\u00e1n Kisser; de Mar\u00eda Grande, H\u00e9ctor Solari; de Sauce de Luna, Alcides Alderete; y de Bovril, Jos\u00e9 Luis Gillig; adem\u00e1s de la vicepresidente municipal de Cerrito, Liliana Belloni.<\/p>\n\n\n\n<p>El acuerdo manifiesta \u00abla intenci\u00f3n de coordinar acciones y proponer proyectos concretos para mejorar el tratamiento, gesti\u00f3n y disposici\u00f3n final de los distintos tipos de residuos, promoviendo iniciativas con enfoque de sostenibilidad y econom\u00eda circular\u00bb, invitando, adem\u00e1s, a otros municipios y comunas de la zona a adherirse a esta iniciativa.<\/p>\n\n\n\n<p>Este esfuerzo conjunto busca no solo abordar un problema ambiental cr\u00edtico, sino tambi\u00e9n fortalecer los lazos entre las distintas entidades locales, promoviendo un desarrollo sostenible y responsable en toda la regi\u00f3n. Se destaca que se busca optimizar recursos y disminuir el impacto ambiental negativo de los sitios de disposici\u00f3n final actual de los residuos, en su mayor\u00eda basurales a cielo abierto sin demasiado control.<\/p>\n\n\n\n<p>La ceremonia cont\u00f3 con la participaci\u00f3n, adem\u00e1s, de concejales de diferentes bloques de las localidades citadas, los funcionarios de la Secretar\u00eda de Ambiente de la provincia Osvaldo Fern\u00e1ndez y Maximiliano G\u00f3mez, y los referentes de la Consultora Mas Ambiente, Luis Jauck y Eduardo Chaves.<\/p>\n","protected":false},"excerpt":{"rendered":"<p>En el recinto del Honorable Concejo Deliberante (HCD) de Bovril, se firm&oacute; un acta acuerdo con el objetivo de generar propuestas para el tratamiento y disposici&oacute;n de residuos s&oacute;lidos urbanos (RSU) de forma articulada y conjunta en el norte provincial. Participaron autoridades locales y provinciales. Este acuerdo represent&oacute; el primer paso para comenzar el proceso [&hellip;]<\/p>\n","protected":false},"author":2,"featured_media":7544,"comment_status":"open","ping_status":"open","sticky":false,"template":"","format":"standard","meta":{"footnotes":""},"categories":[11,4],"tags":[307,243,2645,1310],"class_list":["post-7543","post","type-post","status-publish","format-standard","has-post-thumbnail","hentry","category-politica","category-provinciales","tag-bovril","tag-concejo-deliberante","tag-gestion","tag-residuos"],"_links":{"self":[{"href":"https:\/\/impactodenoticias.com.ar\/index.php?rest_route=\/wp\/v2\/posts\/7543","targetHints":{"allow":["GET"]}}],"collection":[{"href":"https:\/\/impactodenoticias.com.ar\/index.php?rest_route=\/wp\/v2\/posts"}],"about":[{"href":"https:\/\/impactodenoticias.com.ar\/index.php?rest_route=\/wp\/v2\/types\/post"}],"author":[{"embeddable":true,"href":"https:\/\/impactodenoticias.com.ar\/index.php?rest_route=\/wp\/v2\/users\/2"}],"replies":[{"embeddable":true,"href":"https:\/\/impactodenoticias.com.ar\/index.php?rest_route=%2Fwp%2Fv2%2Fcomments&post=7543"}],"version-history":[{"count":1,"href":"https:\/\/impactodenoticias.com.ar\/index.php?rest_route=\/wp\/v2\/posts\/7543\/revisions"}],"predecessor-version":[{"id":7545,"href":"https:\/\/impactodenoticias.com.ar\/index.php?rest_route=\/wp\/v2\/posts\/7543\/revisions\/7545"}],"wp:featuredmedia":[{"embeddable":true,"href":"https:\/\/impactodenoticias.com.ar\/index.php?rest_route=\/wp\/v2\/media\/7544"}],"wp:attachment":[{"href":"https:\/\/impactodenoticias.com.ar\/index.php?rest_route=%2Fwp%2Fv2%2Fmedia&parent=7543"}],"wp:term":[{"taxonomy":"category","embeddable":true,"href":"https:\/\/impactodenoticias.com.ar\/index.php?rest_route=%2Fwp%2Fv2%2Fcategories&post=7543"},{"taxonomy":"post_tag","embeddable":true,"href":"https:\/\/impactodenoticias.com.ar\/index.php?rest_route=%2Fwp%2Fv2%2Ftags&post=7543"}],"curies":[{"name":"wp","href":"https:\/\/api.w.org\/{rel}","templated":true}]}}