{"id":7550,"date":"2024-11-25T10:45:16","date_gmt":"2024-11-25T13:45:16","guid":{"rendered":"https:\/\/impactodenoticias.com.ar\/?p=7550"},"modified":"2024-11-25T10:45:16","modified_gmt":"2024-11-25T13:45:16","slug":"tormenta-en-entre-rios-las-inestabilidades-finalmente-llegaron-a-la-provincia","status":"publish","type":"post","link":"https:\/\/impactodenoticias.com.ar\/?p=7550","title":{"rendered":"Tormenta en Entre R\u00edos: las inestabilidades finalmente llegaron a la provincia"},"content":{"rendered":"\n<h3 class=\"wp-block-heading\">Tal como estaba anunciado desde varios d\u00edas atr\u00e1s, hubo fuerte actividad el\u00e9ctrica y abundante ca\u00edda de agua, en varias zonas de la provincia.<\/h3>\n\n\n\n<p>Las tormentas arribaron a Entre R\u00edos durante la noche del domingo y se incrementaron durante la madrugada de este lunes. El temporal incluy\u00f3 fuertes r\u00e1fagas de viento y actividad el\u00e9ctrica, adem\u00e1s de importante ca\u00edda de agua.<br><br>De acuerdo a los datos extra\u00eddos de la Bolsa de Cereales de Entre R\u00edos (Bolsacer), estas son algunas de las ciudades que registraron mayor ca\u00edda de agua durante la madrugada y ma\u00f1ana de este lunes:<br><br>Colonia San Carlos (departamento La Paz): 109 mm<br><br>San Gustavo (departamento La Paz): 108 mm<br><br>Chajar\u00ed (departamento Federaci\u00f3n): 104,6 mm<br><br>Federal (departamento Federal): 98,2 mm<br><br>Mojones Sur (departamento Villaguay): 88,4mm<br><br>Colonia Celina (departamento Paran\u00e1): 87,6 mm<br><br>Hinojal (departamento Victoria): 72 mm<br><br>Strobel (departamento Diamante): 52 mm.<br><br>Gualeguay (departamento Gualeguay): 44,6 mm<br><br>Larroque (departamento Gualeguaych\u00fa): 45 mm<br><br>Basavilbaso (departamento Uruguay): 47 mm<br><br>Col\u00f3n (departamento Col\u00f3n): 43 mm<br><br>Mientras que en Paran\u00e1, la cantidad de agua ca\u00edda lleg\u00f3 a los 54,2 mm en la capital entrerriana. Otro de los puntos que tuvieron un alto registro fue Hasenkamp con 99 mm; Paso La Arena con 79,6 mm; Cerrito con 76 mm y Oro Verde con 55 mm.<\/p>\n","protected":false},"excerpt":{"rendered":"<p>Tal como estaba anunciado desde varios d&iacute;as atr&aacute;s, hubo fuerte actividad el&eacute;ctrica y abundante ca&iacute;da de agua, en varias zonas de la provincia. Las tormentas arribaron a Entre R&iacute;os durante la noche del domingo y se incrementaron durante la madrugada de este lunes. El temporal incluy&oacute; fuertes r&aacute;fagas de viento y actividad el&eacute;ctrica, adem&aacute;s de [&hellip;]<\/p>\n","protected":false},"author":2,"featured_media":7551,"comment_status":"open","ping_status":"open","sticky":false,"template":"","format":"standard","meta":{"footnotes":""},"categories":[4,49],"tags":[38,33],"class_list":["post-7550","post","type-post","status-publish","format-standard","has-post-thumbnail","hentry","category-provinciales","category-sociedad","tag-clima","tag-entre-rios"],"_links":{"self":[{"href":"https:\/\/impactodenoticias.com.ar\/index.php?rest_route=\/wp\/v2\/posts\/7550","targetHints":{"allow":["GET"]}}],"collection":[{"href":"https:\/\/impactodenoticias.com.ar\/index.php?rest_route=\/wp\/v2\/posts"}],"about":[{"href":"https:\/\/impactodenoticias.com.ar\/index.php?rest_route=\/wp\/v2\/types\/post"}],"author":[{"embeddable":true,"href":"https:\/\/impactodenoticias.com.ar\/index.php?rest_route=\/wp\/v2\/users\/2"}],"replies":[{"embeddable":true,"href":"https:\/\/impactodenoticias.com.ar\/index.php?rest_route=%2Fwp%2Fv2%2Fcomments&post=7550"}],"version-history":[{"count":1,"href":"https:\/\/impactodenoticias.com.ar\/index.php?rest_route=\/wp\/v2\/posts\/7550\/revisions"}],"predecessor-version":[{"id":7552,"href":"https:\/\/impactodenoticias.com.ar\/index.php?rest_route=\/wp\/v2\/posts\/7550\/revisions\/7552"}],"wp:featuredmedia":[{"embeddable":true,"href":"https:\/\/impactodenoticias.com.ar\/index.php?rest_route=\/wp\/v2\/media\/7551"}],"wp:attachment":[{"href":"https:\/\/impactodenoticias.com.ar\/index.php?rest_route=%2Fwp%2Fv2%2Fmedia&parent=7550"}],"wp:term":[{"taxonomy":"category","embeddable":true,"href":"https:\/\/impactodenoticias.com.ar\/index.php?rest_route=%2Fwp%2Fv2%2Fcategories&post=7550"},{"taxonomy":"post_tag","embeddable":true,"href":"https:\/\/impactodenoticias.com.ar\/index.php?rest_route=%2Fwp%2Fv2%2Ftags&post=7550"}],"curies":[{"name":"wp","href":"https:\/\/api.w.org\/{rel}","templated":true}]}}