{"id":7553,"date":"2024-11-25T10:54:38","date_gmt":"2024-11-25T13:54:38","guid":{"rendered":"https:\/\/impactodenoticias.com.ar\/?p=7553"},"modified":"2024-11-26T11:17:04","modified_gmt":"2024-11-26T14:17:04","slug":"el-temporal-tiro-arboles-y-cables-tambien-dejo-sin-agua-ni-luz-a-una-escuela-en-oro-verde","status":"publish","type":"post","link":"https:\/\/impactodenoticias.com.ar\/?p=7553","title":{"rendered":"El temporal tir\u00f3 \u00e1rboles y cables, tambi\u00e9n dej\u00f3 sin agua ni luz a una escuela en Oro Verde"},"content":{"rendered":"\n<h3 class=\"wp-block-heading\">La fuerte tormenta registrada, provoc\u00f3 da\u00f1os en la ciudad. La escuela Alberdi qued\u00f3 con su ingreso bloqueado, sin servicio el\u00e9ctrico, ni agua.<\/h3>\n\n\n\n<p>El fuerte temporal que se desat\u00f3 en horas de la medianoche de este domingo y se extendi\u00f3 en la madrugada de este lunes en la localidad de Oro Verde caus\u00f3 da\u00f1os y problemas en diversos puntos de la Ciudad Universitaria ubicada a 10 kil\u00f3metros de Paran\u00e1.<\/p>\n\n\n\n<p>La escuela normal rural Alberdi fue la m\u00e1s afectada. Qued\u00f3 sin luz ni agua y con el acceso obstruido debido al derrumbe de una gran rama de un \u00e1rbol. Se trabaj\u00f3 para restablecer el servicio el\u00e9ctrico.<\/p>\n\n\n\n<p><\/p>\n\n\n\n<figure class=\"wp-block-image size-full\"><img loading=\"lazy\" decoding=\"async\" width=\"642\" height=\"361\" src=\"https:\/\/impactodenoticias.com.ar\/wp-content\/uploads\/2024\/11\/oro-verde-tormentajpg.webp\" alt=\"\" class=\"wp-image-7554\" srcset=\"https:\/\/impactodenoticias.com.ar\/wp-content\/uploads\/2024\/11\/oro-verde-tormentajpg.webp 642w, https:\/\/impactodenoticias.com.ar\/wp-content\/uploads\/2024\/11\/oro-verde-tormentajpg-300x169.webp 300w\" sizes=\"auto, (max-width: 642px) 100vw, 642px\" \/><\/figure>\n\n\n\n<p><\/p>\n\n\n\n<figure class=\"wp-block-image size-full\"><img loading=\"lazy\" decoding=\"async\" width=\"642\" height=\"361\" src=\"https:\/\/impactodenoticias.com.ar\/wp-content\/uploads\/2024\/11\/temporal-escuela-alberdi-oro-verdejpg.webp\" alt=\"\" class=\"wp-image-7555\" srcset=\"https:\/\/impactodenoticias.com.ar\/wp-content\/uploads\/2024\/11\/temporal-escuela-alberdi-oro-verdejpg.webp 642w, https:\/\/impactodenoticias.com.ar\/wp-content\/uploads\/2024\/11\/temporal-escuela-alberdi-oro-verdejpg-300x169.webp 300w\" sizes=\"auto, (max-width: 642px) 100vw, 642px\" \/><\/figure>\n\n\n\n<p>El relevamiento de los da\u00f1os ocasionados por llas inestabilidades que efectuaron desde la comisar\u00eda local cuenta cableado ca\u00eddo en Las Calandrias y Los Jacarandaes y en Los Colibr\u00edes y el Tr\u00e9bol, \u00e1rboles ca\u00eddos obstruyendo la cinta asf\u00e1ltica en Los Jacarandaes y los Tordos, ramas caidas obstruyendo la calle en Los Tordos y Jacarandaes, una casa con parte del techo roto en Av. Los Cha\u00f1ares y calle Los Cabur\u00e9, y otro \u00e1rbol ca\u00eddo obstruyendo Av. Los Eucaliptos antes de Los Cisnes.<\/p>\n\n\n\n<p><\/p>\n\n\n\n<figure class=\"wp-block-image size-full\"><img loading=\"lazy\" decoding=\"async\" width=\"696\" height=\"392\" src=\"https:\/\/impactodenoticias.com.ar\/wp-content\/uploads\/2024\/11\/tormenta-oro-verde.webp\" alt=\"\" class=\"wp-image-7556\" srcset=\"https:\/\/impactodenoticias.com.ar\/wp-content\/uploads\/2024\/11\/tormenta-oro-verde.webp 696w, https:\/\/impactodenoticias.com.ar\/wp-content\/uploads\/2024\/11\/tormenta-oro-verde-300x169.webp 300w\" sizes=\"auto, (max-width: 696px) 100vw, 696px\" \/><\/figure>\n\n\n\n<p><\/p>\n\n\n\n<p>Tras el relevamiento de los da\u00f1os que provoc\u00f3 la tormenta, desde la comisar\u00eda local indicaron que no sucedi\u00f3 \u201cnada de gravedad\u201d. Desde el municipio, donde se trabaja para su recolecci\u00f3n, detallaron que son \u201c\u00e1rboles j\u00f3venes\u201d los que cayeron y no pudieron resistir el temporal.<\/p>\n\n\n\n<p><strong>Tambi\u00e9n mencionaron que no hubo voladuras de techos ni \u201cproblemas mayores\u201d.<\/strong><\/p>\n\n\n\n<p>La zona sigue bajo alerta meterol\u00f3gico del Servicio Meteorol\u00f3gico Nacional por fuertes tormentas, que abarca los departamentos Diamante, Paran\u00e1, Villaguay y La Paz, seg\u00fan el \u00faltimo reporte publicada a las 6 am.<\/p>\n\n\n\n<p>El \u00e1rea ser\u00e1 afectada por tormentas localmente fuertes o severas. Las mismas podr\u00e1n estar acompa\u00f1adas por r\u00e1fagas fuertes, actividad el\u00e9ctrica frecuente, ca\u00edda de granizo de diversos tama\u00f1os, y principalmente abundante ca\u00edda de agua en cortos per\u00edodos. Se prev\u00e9n valores de precipitaci\u00f3n acumulada entre 60 y 100 mm, pudiendo ser superados en forma puntual.<\/p>\n","protected":false},"excerpt":{"rendered":"<p>La fuerte tormenta registrada, provoc&oacute; da&ntilde;os en la ciudad. La escuela Alberdi qued&oacute; con su ingreso bloqueado, sin servicio el&eacute;ctrico, ni agua. El fuerte temporal que se desat&oacute; en horas de la medianoche de este domingo y se extendi&oacute; en la madrugada de este lunes en la localidad de Oro Verde caus&oacute; da&ntilde;os y problemas [&hellip;]<\/p>\n","protected":false},"author":2,"featured_media":7557,"comment_status":"open","ping_status":"open","sticky":false,"template":"","format":"standard","meta":{"footnotes":""},"categories":[3,8],"tags":[3143,722,2193],"class_list":["post-7553","post","type-post","status-publish","format-standard","has-post-thumbnail","hentry","category-locales","category-policiales","tag-escuela-alberdi","tag-oro-verde","tag-temporal"],"_links":{"self":[{"href":"https:\/\/impactodenoticias.com.ar\/index.php?rest_route=\/wp\/v2\/posts\/7553","targetHints":{"allow":["GET"]}}],"collection":[{"href":"https:\/\/impactodenoticias.com.ar\/index.php?rest_route=\/wp\/v2\/posts"}],"about":[{"href":"https:\/\/impactodenoticias.com.ar\/index.php?rest_route=\/wp\/v2\/types\/post"}],"author":[{"embeddable":true,"href":"https:\/\/impactodenoticias.com.ar\/index.php?rest_route=\/wp\/v2\/users\/2"}],"replies":[{"embeddable":true,"href":"https:\/\/impactodenoticias.com.ar\/index.php?rest_route=%2Fwp%2Fv2%2Fcomments&post=7553"}],"version-history":[{"count":2,"href":"https:\/\/impactodenoticias.com.ar\/index.php?rest_route=\/wp\/v2\/posts\/7553\/revisions"}],"predecessor-version":[{"id":7559,"href":"https:\/\/impactodenoticias.com.ar\/index.php?rest_route=\/wp\/v2\/posts\/7553\/revisions\/7559"}],"wp:featuredmedia":[{"embeddable":true,"href":"https:\/\/impactodenoticias.com.ar\/index.php?rest_route=\/wp\/v2\/media\/7557"}],"wp:attachment":[{"href":"https:\/\/impactodenoticias.com.ar\/index.php?rest_route=%2Fwp%2Fv2%2Fmedia&parent=7553"}],"wp:term":[{"taxonomy":"category","embeddable":true,"href":"https:\/\/impactodenoticias.com.ar\/index.php?rest_route=%2Fwp%2Fv2%2Fcategories&post=7553"},{"taxonomy":"post_tag","embeddable":true,"href":"https:\/\/impactodenoticias.com.ar\/index.php?rest_route=%2Fwp%2Fv2%2Ftags&post=7553"}],"curies":[{"name":"wp","href":"https:\/\/api.w.org\/{rel}","templated":true}]}}