{"id":7572,"date":"2024-11-25T11:29:50","date_gmt":"2024-11-25T14:29:50","guid":{"rendered":"https:\/\/impactodenoticias.com.ar\/?p=7572"},"modified":"2024-11-26T11:16:46","modified_gmt":"2024-11-26T14:16:46","slug":"se-llevara-a-cabo-en-parana-una-nueva-movilizacion-en-demanda-de-politicas-preventivas-de-genero","status":"publish","type":"post","link":"https:\/\/impactodenoticias.com.ar\/?p=7572","title":{"rendered":"Se llevar\u00e1 a cabo en Paran\u00e1 una nueva movilizaci\u00f3n en demanda de pol\u00edticas preventivas de g\u00e9nero"},"content":{"rendered":"\n<h3 class=\"wp-block-heading\">Seg\u00fan se inform\u00f3, la movilizaci\u00f3n es organizada por la asamblea de Mujeres, Lesbianas, Trans y No Binaries de Paran\u00e1. La marcha comenzar\u00e1 este lunes, a las 17, desde Plaza Mansilla (Casa de Gobierno), hasta la plaza 1\u00ba de Mayo en el centro de la ciudad.<\/h3>\n\n\n\n<p>Mujeres de organizaciones sociales, feministas, universitarias, estudiantes secundarias, de sindicatos y de partidos pol\u00edticos marchar\u00e1n nuevamente en Paran\u00e1 para decir no a la violencia machista, en el marco del 25N en el que se conmemora el D\u00eda Internacional de Eliminaci\u00f3n de la Violencia contra la Mujer.<\/p>\n\n\n\n<p>Seg\u00fan se dio a conocer, la movilizaci\u00f3n es organizada por la asamblea de Mujeres, Lesbianas, Trans y No Binaries de Paran\u00e1. La marcha partir\u00e1 este lunes, a las 17, desde Plaza Mansilla (Casa de Gobierno) hasta la plaza 1\u00ba de Mayo en el centro de la capital provincial.<\/p>\n\n\n\n<p>El recorrido se iniciar\u00e1 en calle Laprida y C\u00f3rdoba, seguir\u00e1 por C\u00f3rdoba hasta Urquiza para tomar hacia la plaza principal de la ciudad ubicada en Urquiza y Papa Francisco. En ese lugar se leer\u00e1 la proclama de la marcha de este a\u00f1o que tiene como lema \u00abNo hay paz en una ciudad con hambre, violencia y represi\u00f3n\u00bb. Sin embargo, en Entre R\u00edos adem\u00e1s se leer\u00e1 un comunicado en defensa de la Educaci\u00f3n Sexual Integral (ESI).<\/p>\n\n\n\n<p>A las 18 habr\u00e1 una clase p\u00fablica en defensa de la ESI y expresiones art\u00edsticas. Si bien en a\u00f1os anteriores el pasaje de colectivo no se cobraba para las personas que participaban de la movilizaci\u00f3n, este a\u00f1o por el momento no se brind\u00f3 informaci\u00f3n al respecto.<\/p>\n\n\n\n<p>Ser\u00e1 el primer 25N desde que Javier Milei asumiera la presidencia argentina. La administraci\u00f3n libertaria puso en marcha un severo ajuste econ\u00f3mico, con recortes de gastos y en la estructura del Estado que afect\u00f3, entre otras, a las pol\u00edticas de g\u00e9nero, de salud sexual y reproductiva y de atenci\u00f3n y protecci\u00f3n a las mujeres v\u00edctimas de violencia.<\/p>\n\n\n\n<p>Seg\u00fan un informe elaborado a mediados de octubre por el Equipo Latinoamericano de Justicia y G\u00e9nero (ELA) y la Asociaci\u00f3n Civil por la Igualdad y la Justicia (ACIJ), las reducciones presupuestarias se agudizar\u00e1n el a\u00f1o pr\u00f3ximo.<\/p>\n\n\n\n<p>De acuerdo a la propuesta de presupuesto para 2025, elaborada por el Poder Ejecutivo, se mantienen y ampl\u00edan los recortes para los programas destinados a la disminuci\u00f3n de las brechas de g\u00e9nero.<\/p>\n\n\n\n<p>Entre otros temas, el proyecto elimina partidas presupuestarias fundamentales para la prevenci\u00f3n y asistencia ante la violencia de g\u00e9nero, como el Programa Acompa\u00f1ar y la L\u00ednea 144. Tampoco se incluye en el proyecto la erogaci\u00f3n asociada a Educaci\u00f3n Sexual Integral y se prev\u00e9 un recorte del presupuesto para el Plan ENIA, de prevenci\u00f3n del embarazo no intencional en la adolescencia, con una ca\u00edda del 27% respecto al presupuesto vigente de 2024 y del 78% en comparaci\u00f3n con lo ejecutado en 2023.<\/p>\n","protected":false},"excerpt":{"rendered":"<p>Seg&uacute;n se inform&oacute;, la movilizaci&oacute;n es organizada por la asamblea de Mujeres, Lesbianas, Trans y No Binaries de Paran&aacute;. La marcha comenzar&aacute; este lunes, a las 17, desde Plaza Mansilla (Casa de Gobierno), hasta la plaza 1&ordm; de Mayo en el centro de la ciudad. Mujeres de organizaciones sociales, feministas, universitarias, estudiantes secundarias, de sindicatos [&hellip;]<\/p>\n","protected":false},"author":2,"featured_media":7573,"comment_status":"open","ping_status":"open","sticky":false,"template":"","format":"standard","meta":{"footnotes":""},"categories":[3,49],"tags":[2326,362,1079,95,1453],"class_list":["post-7572","post","type-post","status-publish","format-standard","has-post-thumbnail","hentry","category-locales","category-sociedad","tag-asamblea","tag-marcha","tag-mujeres","tag-parana","tag-reclamo"],"_links":{"self":[{"href":"https:\/\/impactodenoticias.com.ar\/index.php?rest_route=\/wp\/v2\/posts\/7572","targetHints":{"allow":["GET"]}}],"collection":[{"href":"https:\/\/impactodenoticias.com.ar\/index.php?rest_route=\/wp\/v2\/posts"}],"about":[{"href":"https:\/\/impactodenoticias.com.ar\/index.php?rest_route=\/wp\/v2\/types\/post"}],"author":[{"embeddable":true,"href":"https:\/\/impactodenoticias.com.ar\/index.php?rest_route=\/wp\/v2\/users\/2"}],"replies":[{"embeddable":true,"href":"https:\/\/impactodenoticias.com.ar\/index.php?rest_route=%2Fwp%2Fv2%2Fcomments&post=7572"}],"version-history":[{"count":1,"href":"https:\/\/impactodenoticias.com.ar\/index.php?rest_route=\/wp\/v2\/posts\/7572\/revisions"}],"predecessor-version":[{"id":7574,"href":"https:\/\/impactodenoticias.com.ar\/index.php?rest_route=\/wp\/v2\/posts\/7572\/revisions\/7574"}],"wp:featuredmedia":[{"embeddable":true,"href":"https:\/\/impactodenoticias.com.ar\/index.php?rest_route=\/wp\/v2\/media\/7573"}],"wp:attachment":[{"href":"https:\/\/impactodenoticias.com.ar\/index.php?rest_route=%2Fwp%2Fv2%2Fmedia&parent=7572"}],"wp:term":[{"taxonomy":"category","embeddable":true,"href":"https:\/\/impactodenoticias.com.ar\/index.php?rest_route=%2Fwp%2Fv2%2Fcategories&post=7572"},{"taxonomy":"post_tag","embeddable":true,"href":"https:\/\/impactodenoticias.com.ar\/index.php?rest_route=%2Fwp%2Fv2%2Ftags&post=7572"}],"curies":[{"name":"wp","href":"https:\/\/api.w.org\/{rel}","templated":true}]}}