{"id":7575,"date":"2024-11-25T19:07:08","date_gmt":"2024-11-25T22:07:08","guid":{"rendered":"https:\/\/impactodenoticias.com.ar\/?p=7575"},"modified":"2024-11-26T11:16:38","modified_gmt":"2024-11-26T14:16:38","slug":"buscan-intensamente-a-un-adolescente-desaparecido-en-cerrito","status":"publish","type":"post","link":"https:\/\/impactodenoticias.com.ar\/?p=7575","title":{"rendered":"Buscan intensamente a un adolescente desaparecido en Cerrito"},"content":{"rendered":"\n<p class=\"has-medium-font-size\"><strong>Las autoridades policiales y judiciales buscan a Rodrigo Uriel Rodr\u00edguez, un adolescente de 17 a\u00f1os que se ausent\u00f3 de la Residencia Socio Educativa \u00abJosefina Bressoud\u00bb del COPNAF, ubicada en Cerrito, el pasado viernes alrededor de las 17:30.<\/strong><\/p>\n\n\n\n<p>Desde la Unidad Fiscal de Ni\u00f1os, Ni\u00f1as y Adolescentes de Paran\u00e1 se pide la colaboraci\u00f3n de la comunidad para dar con su paradero. Se presume que el joven podr\u00eda haberse trasladado a la ciudad de Paran\u00e1.<\/p>\n\n\n\n<p><\/p>\n\n\n\n<figure class=\"wp-block-image size-full\"><img loading=\"lazy\" decoding=\"async\" width=\"696\" height=\"464\" src=\"https:\/\/impactodenoticias.com.ar\/wp-content\/uploads\/2024\/11\/image-17-25.jpg\" alt=\"\" class=\"wp-image-7576\" srcset=\"https:\/\/impactodenoticias.com.ar\/wp-content\/uploads\/2024\/11\/image-17-25.jpg 696w, https:\/\/impactodenoticias.com.ar\/wp-content\/uploads\/2024\/11\/image-17-25-300x200.jpg 300w\" sizes=\"auto, (max-width: 696px) 100vw, 696px\" \/><\/figure>\n\n\n\n<p><\/p>\n\n\n\n<p><strong>Caracter\u00edsticas f\u00edsicas:<\/strong><\/p>\n\n\n\n<p>Edad: 17 a\u00f1os<br>Altura: Aproximadamente 1.63 metros<br>Contextura f\u00edsica: Robusta<br>Tez: Blanca<br>Ojos: Marrones<br>Cabello: Oscuro y corto<br>Vest\u00eda al momento de desaparecer:<\/p>\n\n\n\n<p>Remera mangas cortas, color blanca, de algod\u00f3n<br>Short color claro<br>Zapatillas rojas tipo deportivas<br>Mochila blanca<\/p>\n\n\n\n<p>Cualquier persona que pueda aportar informaci\u00f3n sobre el paradero de Rodrigo Uriel Rodr\u00edguez se solicita comunicarse de manera urgente a los siguientes n\u00fameros:<\/p>\n\n\n\n<ul class=\"wp-block-list\">\n<li><strong>911: Emergencias<\/strong><\/li>\n\n\n\n<li><strong>0800 4446372 \u2013 4206100: Mesa de Informaci\u00f3n Permanente del Poder Judicial<\/strong><\/li>\n\n\n\n<li><strong>Divisi\u00f3n Minoridad y Violencia Familiar<\/strong><\/li>\n\n\n\n<li><strong>4890 022 \u2013 Comisar\u00eda de Cerrito.<\/strong><\/li>\n<\/ul>\n\n\n\n<p>Se solicita a la poblaci\u00f3n difundir esta informaci\u00f3n y colaborar con las autoridades para dar con el paradero de Rodrigo lo antes posible<\/p>\n","protected":false},"excerpt":{"rendered":"<p>Las autoridades policiales y judiciales buscan a Rodrigo Uriel Rodr&iacute;guez, un adolescente de 17 a&ntilde;os que se ausent&oacute; de la Residencia Socio Educativa &laquo;Josefina Bressoud&raquo; del COPNAF, ubicada en Cerrito, el pasado viernes alrededor de las 17:30. Desde la Unidad Fiscal de Ni&ntilde;os, Ni&ntilde;as y Adolescentes de Paran&aacute; se pide la colaboraci&oacute;n de la comunidad [&hellip;]<\/p>\n","protected":false},"author":2,"featured_media":7577,"comment_status":"open","ping_status":"open","sticky":false,"template":"","format":"standard","meta":{"footnotes":""},"categories":[8,4],"tags":[251,701,702],"class_list":["post-7575","post","type-post","status-publish","format-standard","has-post-thumbnail","hentry","category-policiales","category-provinciales","tag-busqueda","tag-cerrito","tag-rodrigo-uriel-rodriguez"],"_links":{"self":[{"href":"https:\/\/impactodenoticias.com.ar\/index.php?rest_route=\/wp\/v2\/posts\/7575","targetHints":{"allow":["GET"]}}],"collection":[{"href":"https:\/\/impactodenoticias.com.ar\/index.php?rest_route=\/wp\/v2\/posts"}],"about":[{"href":"https:\/\/impactodenoticias.com.ar\/index.php?rest_route=\/wp\/v2\/types\/post"}],"author":[{"embeddable":true,"href":"https:\/\/impactodenoticias.com.ar\/index.php?rest_route=\/wp\/v2\/users\/2"}],"replies":[{"embeddable":true,"href":"https:\/\/impactodenoticias.com.ar\/index.php?rest_route=%2Fwp%2Fv2%2Fcomments&post=7575"}],"version-history":[{"count":1,"href":"https:\/\/impactodenoticias.com.ar\/index.php?rest_route=\/wp\/v2\/posts\/7575\/revisions"}],"predecessor-version":[{"id":7578,"href":"https:\/\/impactodenoticias.com.ar\/index.php?rest_route=\/wp\/v2\/posts\/7575\/revisions\/7578"}],"wp:featuredmedia":[{"embeddable":true,"href":"https:\/\/impactodenoticias.com.ar\/index.php?rest_route=\/wp\/v2\/media\/7577"}],"wp:attachment":[{"href":"https:\/\/impactodenoticias.com.ar\/index.php?rest_route=%2Fwp%2Fv2%2Fmedia&parent=7575"}],"wp:term":[{"taxonomy":"category","embeddable":true,"href":"https:\/\/impactodenoticias.com.ar\/index.php?rest_route=%2Fwp%2Fv2%2Fcategories&post=7575"},{"taxonomy":"post_tag","embeddable":true,"href":"https:\/\/impactodenoticias.com.ar\/index.php?rest_route=%2Fwp%2Fv2%2Ftags&post=7575"}],"curies":[{"name":"wp","href":"https:\/\/api.w.org\/{rel}","templated":true}]}}