{"id":7645,"date":"2024-11-27T10:09:08","date_gmt":"2024-11-27T13:09:08","guid":{"rendered":"https:\/\/impactodenoticias.com.ar\/?p=7645"},"modified":"2024-11-28T10:54:10","modified_gmt":"2024-11-28T13:54:10","slug":"diputados-dio-media-sancion-a-la-reforma-electoral-en-la-provincia","status":"publish","type":"post","link":"https:\/\/impactodenoticias.com.ar\/?p=7645","title":{"rendered":"Diputados dio media sanci\u00f3n a la reforma electoral en la provincia"},"content":{"rendered":"\n<h3 class=\"wp-block-heading\">Los legisladores aprobaron por mayor\u00eda la reforma electoral propuesta por el Poder Ejecutivo, que incorpora la Boleta \u00danica de Papel, con las modificaciones introducidas durante el debate en comisiones.<\/h3>\n\n\n\n<p>Durante la cuarta sesi\u00f3n especial del 145\u00b0 Periodo Legislativo, presidida por Gustavo Hein, la C\u00e1mara de Diputados de Entre R\u00edos aprob\u00f3 este martes el proyecto de ley de C\u00f3digo Electoral, remitido por el Poder Ejecutivo, al cual se le realizaron modificaciones que surgieron del trabajo en comisiones. La votaci\u00f3n fue por mayor\u00eda para el dictamen de la bancada oficialista.<\/p>\n\n\n\n<p>Gabriela Lena (Juntos por Entre R\u00edos), quien preside la comisi\u00f3n de Asuntos Constitucionales, Juicio Pol\u00edtico y Peticiones, Poderes y Reglamento, sostuvo al abrir debate: \u201cEs una sesi\u00f3n hist\u00f3rica. Despu\u00e9s de muchas reuniones y discusiones, hemos logrado un dictamen que no pudo ser \u00fanico, pero intentamos en todo momento lograr armon\u00eda para reformar una ley que no es menor, que lleva m\u00e1s de 90 a\u00f1os\u201d.<\/p>\n\n\n\n<p>\u201cVenimos a dar una respuesta a la sociedad que nos est\u00e1 pidiendo un cambio, cercan\u00eda y transparencia\u201d, expres\u00f3 la legisladora, tras lo cual afirm\u00f3: \u201cLo m\u00e1s novedoso es la Boleta \u00danica de Papel (BUP), que nos pone en consonancia con las otras provincias de la Regi\u00f3n Centro y lo aprobado a nivel nacional\u201d.<\/p>\n\n\n\n<p>Lena mencion\u00f3 adem\u00e1s que se crea la Direcci\u00f3n Provincial Electoral, se establece de una manera clara la fecha de las elecciones \u2013el primer domingo de mayo para las PASO y el cuarto de junio para las generales\u2013, se mantiene el sistema de las Primarias Abiertas, Simult\u00e1neas y Obligatorias, se establece paridad de g\u00e9nero en los \u00f3rganos colegiados, se reforma la ley de partidos pol\u00edticos y se regula el financiamiento de las campa\u00f1as electorales, entre otros.<\/p>\n\n\n\n<p>\u201cDejaremos de votar con las boletas s\u00e1banas que tra\u00edan m\u00faltiples inconvenientes, terminaremos con los problemas de los faltantes y en una sola tendremos todo el men\u00fa electoral\u201d, expres\u00f3 la diputada. Agreg\u00f3 que el proyecto tuvo \u201cmuch\u00edsimas incorporaciones que lo hicieron mejor, por sugerencias de todas las bancas\u201d y acot\u00f3: \u201cEsta es la oportunidad de ser protagonistas de un cambio en la historia, un cambio que muchos entrerrianos esper\u00e1bamos\u201d.<\/p>\n\n\n\n<p>Por su parte, Laura Sratta (M\u00e1s para Entre R\u00edos) sostuvo: \u201cEntre R\u00edos tiene una tradici\u00f3n democr\u00e1tica que no ha sido puesta en tela de juicio. Esa es una base en la que nos paramos para construir el dictamen de minor\u00eda\u201d. Consider\u00f3 que \u201chay apuro por sancionar una ley que se va a implementar reci\u00e9n en 2027\u201d; opin\u00f3 que se debieron realizar audiencias p\u00fablicas, como en las otras provincias de la Regi\u00f3n Centro, y \u201cconstrucci\u00f3n de consensos\u201d, al tiempo que asegur\u00f3 que su bloque no est\u00e1 en contra de la BUP.<\/p>\n\n\n\n<p>Andrea Zoff (M\u00e1s para ER) describi\u00f3 los puntos del dictamen de minor\u00eda presentado por su bancada: no prev\u00e9 la creaci\u00f3n de la Direcci\u00f3n Provincial Electoral, tampoco contratar espacios publicitarios para las campa\u00f1as sino aportes dinerarios a los partidos; contempla la publicidad en redes sociales y el pegado de candidaturas sin restricciones, y propone un dise\u00f1o de las BUP para que sea igual a la boleta nacional, entre otros.<\/p>\n\n\n\n<p>En tanto, Mauro Godein (JxER) expres\u00f3: \u201cSoy parte del movimiento vecinalista, que viene bregando por la reforma del sistema electoral y fundamentalmente por cambiar la boleta s\u00e1bana por la Boleta \u00danica de Papel, que le da al elector mayor libertad para votar a quien quiere y no a quien no quiere y viene a transparentar el sistema electoral\u201d. Aunque indic\u00f3 que \u201ca los partidos chicos hay algunas reformas que no los benefician, dijo que acampa\u00f1aba el proyecto \u201cen nombre del vecinalismo\u201d.<\/p>\n\n\n\n<p>Jorge Maier (JxER), desde el partido Movimiento Social Entrerriano, apoy\u00f3 la reforma. Destac\u00f3 que fue la primera vez que las comisiones salieron de Paran\u00e1 para el debate.<\/p>\n\n\n\n<p>Roque Fleitas (La Libertad Avanza) manifest\u00f3 el acompa\u00f1amiento de sus bloque al proyecto en general, pero con discrepancias en la votaci\u00f3n en particular. \u201cHay un gran ausente en este debate que es el ciudadano com\u00fan, por eso no vamos a acompa\u00f1ar las PASO. Tampoco el financiamiento a los partidos pol\u00edticos\u201d, dijo.<\/p>\n\n\n\n<p>Julia Calleros (Fe y Libertad) celebr\u00f3 la incorporaci\u00f3n de la Boleta \u00danica y se\u00f1al\u00f3 su voto a favor en general, pero en contra en dos art\u00edculos. Carlos Damasco, del mismo bloque, manifest\u00f3 su desacuerdo con el sistema de pegados y su voto en contra en la votaci\u00f3n en particular.<\/p>\n\n\n\n<p>Asimismo, se manifestaron a favor los diputados del oficialismo L\u00e9nico Aranda, Carola Laner y Fabi\u00e1n Rogel. En contra tambi\u00e9n lo hicieron desde M\u00e1s para Entre R\u00edos Juan Jos\u00e9 Bahillo, Stefan\u00eda Cora y Sergio Castrill\u00f3n.<\/p>\n\n\n\n<p>Marcelo L\u00f3pez (JxER), presidente de la Comisi\u00f3n de Legislaci\u00f3n General, cerr\u00f3 el debate: \u201cCuando existe la posibilidad de mejorar las instituciones, hay que hacerlo. Las iniciativas de los \u00faltimos a\u00f1os de modernizar el sistema electoral no avanzaron. El gobernador actual s\u00ed tiene la voluntad pol\u00edtica de avanzar\u201d. Sostuvo tambi\u00e9n que la reforma \u201ces importante\u201d y que \u201cfundamentalmente favorece a los partidos de la oposici\u00f3n\u201d.<\/p>\n\n\n\n<p>Estuvieron presentes en el recinto el secretario de Comunicaci\u00f3n de la Provincia, Sergio Kneteeman; el secretario de Asuntos Pol\u00edticos, Juli\u00e1n Maneiro; la directora de Reforma Pol\u00edtica, Fanny Maidana; el jefe de gabinete del Ministerio de Gobierno y Trabajo, Abelardo Del Prado, tambi\u00e9n fueron parte representantes de distintos partidos pol\u00edticos.<\/p>\n","protected":false},"excerpt":{"rendered":"<p>Los legisladores aprobaron por mayor&iacute;a la reforma electoral propuesta por el Poder Ejecutivo, que incorpora la Boleta &Uacute;nica de Papel, con las modificaciones introducidas durante el debate en comisiones. Durante la cuarta sesi&oacute;n especial del 145&deg; Periodo Legislativo, presidida por Gustavo Hein, la C&aacute;mara de Diputados de Entre R&iacute;os aprob&oacute; este martes el proyecto de [&hellip;]<\/p>\n","protected":false},"author":2,"featured_media":7647,"comment_status":"open","ping_status":"open","sticky":false,"template":"","format":"standard","meta":{"footnotes":""},"categories":[11,4],"tags":[127,1109,33,1175,813,3099],"class_list":["post-7645","post","type-post","status-publish","format-standard","has-post-thumbnail","hentry","category-politica","category-provinciales","tag-diputados","tag-electoral","tag-entre-rios","tag-gustavo-hein","tag-reforma","tag-sancion"],"_links":{"self":[{"href":"https:\/\/impactodenoticias.com.ar\/index.php?rest_route=\/wp\/v2\/posts\/7645","targetHints":{"allow":["GET"]}}],"collection":[{"href":"https:\/\/impactodenoticias.com.ar\/index.php?rest_route=\/wp\/v2\/posts"}],"about":[{"href":"https:\/\/impactodenoticias.com.ar\/index.php?rest_route=\/wp\/v2\/types\/post"}],"author":[{"embeddable":true,"href":"https:\/\/impactodenoticias.com.ar\/index.php?rest_route=\/wp\/v2\/users\/2"}],"replies":[{"embeddable":true,"href":"https:\/\/impactodenoticias.com.ar\/index.php?rest_route=%2Fwp%2Fv2%2Fcomments&post=7645"}],"version-history":[{"count":1,"href":"https:\/\/impactodenoticias.com.ar\/index.php?rest_route=\/wp\/v2\/posts\/7645\/revisions"}],"predecessor-version":[{"id":7648,"href":"https:\/\/impactodenoticias.com.ar\/index.php?rest_route=\/wp\/v2\/posts\/7645\/revisions\/7648"}],"wp:featuredmedia":[{"embeddable":true,"href":"https:\/\/impactodenoticias.com.ar\/index.php?rest_route=\/wp\/v2\/media\/7647"}],"wp:attachment":[{"href":"https:\/\/impactodenoticias.com.ar\/index.php?rest_route=%2Fwp%2Fv2%2Fmedia&parent=7645"}],"wp:term":[{"taxonomy":"category","embeddable":true,"href":"https:\/\/impactodenoticias.com.ar\/index.php?rest_route=%2Fwp%2Fv2%2Fcategories&post=7645"},{"taxonomy":"post_tag","embeddable":true,"href":"https:\/\/impactodenoticias.com.ar\/index.php?rest_route=%2Fwp%2Fv2%2Ftags&post=7645"}],"curies":[{"name":"wp","href":"https:\/\/api.w.org\/{rel}","templated":true}]}}