{"id":7652,"date":"2024-11-27T10:29:48","date_gmt":"2024-11-27T13:29:48","guid":{"rendered":"https:\/\/impactodenoticias.com.ar\/?p=7652"},"modified":"2024-11-28T10:53:41","modified_gmt":"2024-11-28T13:53:41","slug":"nunca-hubo-dudas-de-la-autoria-por-parte-de-nahir-afirmo-el-abogado-de-la-madre-de-pastorizzo","status":"publish","type":"post","link":"https:\/\/impactodenoticias.com.ar\/?p=7652","title":{"rendered":"\u00abNunca hubo dudas de la autor\u00eda por parte de Nahir\u00bb, afirm\u00f3 el abogado de la madre de Pastorizzo"},"content":{"rendered":"\n<h3 class=\"wp-block-heading\">\u201cPara la Justicia argentina, el tema est\u00e1 terminado\u201d, asever\u00f3 el abogado de la madre de Fernando Pastorizzo, Rub\u00e9n Viru\u00e9, luego de la decisi\u00f3n de la Corte Suprema de Justicia de confirmar la reclusi\u00f3n perpetua para Nahir Galarza.<\/h3>\n\n\n\n<p>\u201cLa condena a perpetua de Nahir est\u00e1 firme y la Corte desestim\u00f3 la queja que interpuso la defensa t\u00e9cnica\u201d, se\u00f1al\u00f3 Rub\u00e9n Viru\u00e9 al subrayar que, con la decisi\u00f3n de la Corte, \u201cse cierra el debate jur\u00eddico jurisdiccional, dentro de la Argentina\u201d.<\/p>\n\n\n\n<p>El letrado destac\u00f3 tambi\u00e9n que \u201cla cuesti\u00f3n de la posibilidad de que Nahir Galarza no fuera la autora, nunca existi\u00f3 en el legajo, no fue m\u00e1s que una jugada medi\u00e1tica\u201d; y apunt\u00f3 que \u201cel tema tuvo una prolongaci\u00f3n ficticia y cada tema nuevo era m\u00e1s absurdo que el anterior\u201d.<\/p>\n\n\n\n<p>Sobre la posibilidad de una continuidad del caso en organismos internacionales, como la Comisi\u00f3n Interamericana y la Corte Interamericana, Viru\u00e9 precis\u00f3 que \u201ces una v\u00eda del derecho convencional excepcional\u00edsima, cuando existen violaciones muy n\u00edtidas al proceso\u201d. \u201cDesconozco si esa v\u00eda la va a intentar la defensa t\u00e9cnica, pero la admisibilidad a este tipo de v\u00edas es m\u00e1s que restrictiva. No veo que pueda darse en el caso de Nahir Galarza, donde se ha respetado, no solo el debido proceso legal, sino el derecho de defensa de la imputada\u201d, indic\u00f3 el letrado que representa a la madre del joven Fernando.<\/p>\n\n\n\n<p>En esa l\u00ednea, Viru\u00e9 remarc\u00f3 que, desde el inicio de la investigaci\u00f3n preliminar, hasta el debate en el que fueron expuestas todas las pruebas, \u201cno hab\u00eda ninguna duda de la autor\u00eda por parte de Nahir, ni la menor duda sobre c\u00f3mo hab\u00eda sido la mec\u00e1nica del hecho\u201d. \u201cJam\u00e1s estuvo en duda la autor\u00eda de Nahir en el crimen porque las pruebas eran m\u00e1s que contundentes\u201d, destac\u00f3.<\/p>\n","protected":false},"excerpt":{"rendered":"<p>&ldquo;Para la Justicia argentina, el tema est&aacute; terminado&rdquo;, asever&oacute; el abogado de la madre de Fernando Pastorizzo, Rub&eacute;n Viru&eacute;, luego de la decisi&oacute;n de la Corte Suprema de Justicia de confirmar la reclusi&oacute;n perpetua para Nahir Galarza. &ldquo;La condena a perpetua de Nahir est&aacute; firme y la Corte desestim&oacute; la queja que interpuso la defensa [&hellip;]<\/p>\n","protected":false},"author":2,"featured_media":7653,"comment_status":"open","ping_status":"open","sticky":false,"template":"","format":"standard","meta":{"footnotes":""},"categories":[90,10,4],"tags":[3166,312,958,3167],"class_list":["post-7652","post","type-post","status-publish","format-standard","has-post-thumbnail","hentry","category-judicial","category-nacionales","category-provinciales","tag-fernando-pastorizzo","tag-nahir-galarza","tag-perpetua","tag-ruben-virue"],"_links":{"self":[{"href":"https:\/\/impactodenoticias.com.ar\/index.php?rest_route=\/wp\/v2\/posts\/7652","targetHints":{"allow":["GET"]}}],"collection":[{"href":"https:\/\/impactodenoticias.com.ar\/index.php?rest_route=\/wp\/v2\/posts"}],"about":[{"href":"https:\/\/impactodenoticias.com.ar\/index.php?rest_route=\/wp\/v2\/types\/post"}],"author":[{"embeddable":true,"href":"https:\/\/impactodenoticias.com.ar\/index.php?rest_route=\/wp\/v2\/users\/2"}],"replies":[{"embeddable":true,"href":"https:\/\/impactodenoticias.com.ar\/index.php?rest_route=%2Fwp%2Fv2%2Fcomments&post=7652"}],"version-history":[{"count":1,"href":"https:\/\/impactodenoticias.com.ar\/index.php?rest_route=\/wp\/v2\/posts\/7652\/revisions"}],"predecessor-version":[{"id":7654,"href":"https:\/\/impactodenoticias.com.ar\/index.php?rest_route=\/wp\/v2\/posts\/7652\/revisions\/7654"}],"wp:featuredmedia":[{"embeddable":true,"href":"https:\/\/impactodenoticias.com.ar\/index.php?rest_route=\/wp\/v2\/media\/7653"}],"wp:attachment":[{"href":"https:\/\/impactodenoticias.com.ar\/index.php?rest_route=%2Fwp%2Fv2%2Fmedia&parent=7652"}],"wp:term":[{"taxonomy":"category","embeddable":true,"href":"https:\/\/impactodenoticias.com.ar\/index.php?rest_route=%2Fwp%2Fv2%2Fcategories&post=7652"},{"taxonomy":"post_tag","embeddable":true,"href":"https:\/\/impactodenoticias.com.ar\/index.php?rest_route=%2Fwp%2Fv2%2Ftags&post=7652"}],"curies":[{"name":"wp","href":"https:\/\/api.w.org\/{rel}","templated":true}]}}